{"id":37215,"date":"2023-02-28T20:09:20","date_gmt":"2023-02-28T20:09:20","guid":{"rendered":"https:\/\/fmdelpueblo.ar\/?p=37215"},"modified":"2023-02-28T20:09:20","modified_gmt":"2023-02-28T20:09:20","slug":"cambalache-siglo-xxi-porque-el-panorama-internacional-actual-es-similar-al-de-1914","status":"publish","type":"post","link":"http:\/\/fmdelpueblo.ar\/?p=37215","title":{"rendered":"Cambalache, siglo XXI: porqu\u00e9 el panorama internacional actual es similar al de 1914"},"content":{"rendered":"<\/p>\n<p>Rusia en guerra, China ocupando el lugar de Alemania, el fin de la Guerra Fr\u00eda y un mundo multipolar con tesiones crecientes\u2026 s\u00f3lo por pintar algo del mundo problem\u00e1tico y febril. <a href=\"https:\/\/www.perfil.com\/noticias\/opinion\/cambalache-siglo-xxi-porque-el-panorama-internacional-actual-es-similar-al-de-1914.phtml\">Leer m\u00e1s<\/a><\/p>\n","protected":false},"excerpt":{"rendered":"<p>Rusia en guerra, China ocupando el lugar de Alemania, el fin de la Guerra Fr\u00eda y un mundo multipolar con tesiones crecientes\u2026 s\u00f3lo por pintar algo del mundo problem\u00e1tico y febril. Leer m\u00e1s<\/p>\n","protected":false},"author":0,"featured_media":0,"comment_status":"","ping_status":"","sticky":false,"template":"","format":"standard","meta":{"footnotes":""},"categories":[1],"tags":[],"class_list":["post-37215","post","type-post","status-publish","format-standard","hentry","category-sin-categoria"],"_links":{"self":[{"href":"http:\/\/fmdelpueblo.ar\/index.php?rest_route=\/wp\/v2\/posts\/37215","targetHints":{"allow":["GET"]}}],"collection":[{"href":"http:\/\/fmdelpueblo.ar\/index.php?rest_route=\/wp\/v2\/posts"}],"about":[{"href":"http:\/\/fmdelpueblo.ar\/index.php?rest_route=\/wp\/v2\/types\/post"}],"replies":[{"embeddable":true,"href":"http:\/\/fmdelpueblo.ar\/index.php?rest_route=%2Fwp%2Fv2%2Fcomments&post=37215"}],"version-history":[{"count":0,"href":"http:\/\/fmdelpueblo.ar\/index.php?rest_route=\/wp\/v2\/posts\/37215\/revisions"}],"wp:attachment":[{"href":"http:\/\/fmdelpueblo.ar\/index.php?rest_route=%2Fwp%2Fv2%2Fmedia&parent=37215"}],"wp:term":[{"taxonomy":"category","embeddable":true,"href":"http:\/\/fmdelpueblo.ar\/index.php?rest_route=%2Fwp%2Fv2%2Fcategories&post=37215"},{"taxonomy":"post_tag","embeddable":true,"href":"http:\/\/fmdelpueblo.ar\/index.php?rest_route=%2Fwp%2Fv2%2Ftags&post=37215"}],"curies":[{"name":"wp","href":"https:\/\/api.w.org\/{rel}","templated":true}]}}