{"id":37214,"date":"2023-02-28T20:09:19","date_gmt":"2023-02-28T20:09:19","guid":{"rendered":"https:\/\/fmdelpueblo.ar\/?p=37214"},"modified":"2023-02-28T20:09:19","modified_gmt":"2023-02-28T20:09:19","slug":"se-realizo-industria-de-la-energia-el-nuevo-ciclo-de-agenda-corporativa-del-grupo-perfil","status":"publish","type":"post","link":"http:\/\/fmdelpueblo.ar\/?p=37214","title":{"rendered":"Se realiz\u00f3 \u00abIndustria de la Energ\u00eda\u00bb, el nuevo ciclo de \u00abAgenda Corporativa\u00bb del Grupo Perfil"},"content":{"rendered":"<\/p>\n<p>Participaron del evento especial organizado por Perfil Flavia Roy\u00f3n, secretaria de Energ\u00eda de la Naci\u00f3n; Emilio Apud, ex secretario de Energ\u00eda; representantes de YPF, PAE, Pampa Energ\u00eda, Total Energ\u00edes y AES; y Ramiro Marcos Bracco, influencer especializado en eficiencia energ\u00e9tica. <a href=\"https:\/\/www.perfil.com\/noticias\/educacion\/se-realizo-industria-de-la-energia-un-evento-de-perfil-educacion.phtml\">Leer m\u00e1s<\/a><\/p>\n","protected":false},"excerpt":{"rendered":"<p>Participaron del evento especial organizado por Perfil Flavia Roy\u00f3n, secretaria de Energ\u00eda de la Naci\u00f3n; Emilio Apud, ex secretario de Energ\u00eda; representantes de YPF, PAE, Pampa Energ\u00eda, Total Energ\u00edes y AES; y Ramiro Marcos Bracco, influencer especializado en eficiencia energ\u00e9tica. Leer m\u00e1s<\/p>\n","protected":false},"author":0,"featured_media":0,"comment_status":"","ping_status":"","sticky":false,"template":"","format":"standard","meta":{"footnotes":""},"categories":[1],"tags":[],"class_list":["post-37214","post","type-post","status-publish","format-standard","hentry","category-sin-categoria"],"_links":{"self":[{"href":"http:\/\/fmdelpueblo.ar\/index.php?rest_route=\/wp\/v2\/posts\/37214","targetHints":{"allow":["GET"]}}],"collection":[{"href":"http:\/\/fmdelpueblo.ar\/index.php?rest_route=\/wp\/v2\/posts"}],"about":[{"href":"http:\/\/fmdelpueblo.ar\/index.php?rest_route=\/wp\/v2\/types\/post"}],"replies":[{"embeddable":true,"href":"http:\/\/fmdelpueblo.ar\/index.php?rest_route=%2Fwp%2Fv2%2Fcomments&post=37214"}],"version-history":[{"count":0,"href":"http:\/\/fmdelpueblo.ar\/index.php?rest_route=\/wp\/v2\/posts\/37214\/revisions"}],"wp:attachment":[{"href":"http:\/\/fmdelpueblo.ar\/index.php?rest_route=%2Fwp%2Fv2%2Fmedia&parent=37214"}],"wp:term":[{"taxonomy":"category","embeddable":true,"href":"http:\/\/fmdelpueblo.ar\/index.php?rest_route=%2Fwp%2Fv2%2Fcategories&post=37214"},{"taxonomy":"post_tag","embeddable":true,"href":"http:\/\/fmdelpueblo.ar\/index.php?rest_route=%2Fwp%2Fv2%2Ftags&post=37214"}],"curies":[{"name":"wp","href":"https:\/\/api.w.org\/{rel}","templated":true}]}}