{"id":37213,"date":"2023-02-28T20:09:19","date_gmt":"2023-02-28T20:09:19","guid":{"rendered":"https:\/\/fmdelpueblo.ar\/?p=37213"},"modified":"2023-02-28T20:09:19","modified_gmt":"2023-02-28T20:09:19","slug":"el-desempleo-en-brasil-cayo-a-su-nivel-mas-bajo-desde-2015","status":"publish","type":"post","link":"http:\/\/fmdelpueblo.ar\/?p=37213","title":{"rendered":"El desempleo en Brasil cay\u00f3 a su nivel m\u00e1s bajo desde 2015"},"content":{"rendered":"<\/p>\n<p>Los datos del \u00faltimo trimestre de 2022 superaron las expectativas, mientras se pronostican aumento de inflaci\u00f3n y enfriamiento de la econom\u00eda. <a href=\"https:\/\/www.perfil.com\/noticias\/bloomberg\/bc-tasa-de-desempleo-de-brasil-cae-de-nuevo.phtml\">Leer m\u00e1s<\/a><\/p>\n","protected":false},"excerpt":{"rendered":"<p>Los datos del \u00faltimo trimestre de 2022 superaron las expectativas, mientras se pronostican aumento de inflaci\u00f3n y enfriamiento de la econom\u00eda. Leer m\u00e1s<\/p>\n","protected":false},"author":0,"featured_media":0,"comment_status":"","ping_status":"","sticky":false,"template":"","format":"standard","meta":{"footnotes":""},"categories":[1],"tags":[],"class_list":["post-37213","post","type-post","status-publish","format-standard","hentry","category-sin-categoria"],"_links":{"self":[{"href":"http:\/\/fmdelpueblo.ar\/index.php?rest_route=\/wp\/v2\/posts\/37213","targetHints":{"allow":["GET"]}}],"collection":[{"href":"http:\/\/fmdelpueblo.ar\/index.php?rest_route=\/wp\/v2\/posts"}],"about":[{"href":"http:\/\/fmdelpueblo.ar\/index.php?rest_route=\/wp\/v2\/types\/post"}],"replies":[{"embeddable":true,"href":"http:\/\/fmdelpueblo.ar\/index.php?rest_route=%2Fwp%2Fv2%2Fcomments&post=37213"}],"version-history":[{"count":0,"href":"http:\/\/fmdelpueblo.ar\/index.php?rest_route=\/wp\/v2\/posts\/37213\/revisions"}],"wp:attachment":[{"href":"http:\/\/fmdelpueblo.ar\/index.php?rest_route=%2Fwp%2Fv2%2Fmedia&parent=37213"}],"wp:term":[{"taxonomy":"category","embeddable":true,"href":"http:\/\/fmdelpueblo.ar\/index.php?rest_route=%2Fwp%2Fv2%2Fcategories&post=37213"},{"taxonomy":"post_tag","embeddable":true,"href":"http:\/\/fmdelpueblo.ar\/index.php?rest_route=%2Fwp%2Fv2%2Ftags&post=37213"}],"curies":[{"name":"wp","href":"https:\/\/api.w.org\/{rel}","templated":true}]}}