{"id":37209,"date":"2023-02-28T19:10:27","date_gmt":"2023-02-28T19:10:27","guid":{"rendered":"https:\/\/fmdelpueblo.ar\/?p=37209"},"modified":"2023-02-28T19:10:27","modified_gmt":"2023-02-28T19:10:27","slug":"ruta-del-dinero-k-casacion-le-redujo-la-condena-a-lazaro-baez-y-sus-hijas-fueron-absueltas","status":"publish","type":"post","link":"http:\/\/fmdelpueblo.ar\/?p=37209","title":{"rendered":"Ruta del dinero K: Casaci\u00f3n le redujo la condena a L\u00e1zaro B\u00e1ez y sus hijas fueron absueltas"},"content":{"rendered":"<\/p>\n<p>El tribunal redujo la pena por lavado de dinero contra el empresario de 12 a 10 a\u00f1os. Los Camaristas por mayor\u00eda descartaron la obra p\u00fablica como delito precedente. <a href=\"https:\/\/www.perfil.com\/noticias\/politica\/ruta-del-dinero-k-casacion-le-redujo-la-condena-a-lazaro-baez-y-sus-hijas-fueron-absueltas.phtml\">Leer m\u00e1s<\/a><\/p>\n","protected":false},"excerpt":{"rendered":"<p>El tribunal redujo la pena por lavado de dinero contra el empresario de 12 a 10 a\u00f1os. Los Camaristas por mayor\u00eda descartaron la obra p\u00fablica como delito precedente. Leer m\u00e1s<\/p>\n","protected":false},"author":0,"featured_media":0,"comment_status":"","ping_status":"","sticky":false,"template":"","format":"standard","meta":{"footnotes":""},"categories":[1],"tags":[],"class_list":["post-37209","post","type-post","status-publish","format-standard","hentry","category-sin-categoria"],"_links":{"self":[{"href":"http:\/\/fmdelpueblo.ar\/index.php?rest_route=\/wp\/v2\/posts\/37209","targetHints":{"allow":["GET"]}}],"collection":[{"href":"http:\/\/fmdelpueblo.ar\/index.php?rest_route=\/wp\/v2\/posts"}],"about":[{"href":"http:\/\/fmdelpueblo.ar\/index.php?rest_route=\/wp\/v2\/types\/post"}],"replies":[{"embeddable":true,"href":"http:\/\/fmdelpueblo.ar\/index.php?rest_route=%2Fwp%2Fv2%2Fcomments&post=37209"}],"version-history":[{"count":0,"href":"http:\/\/fmdelpueblo.ar\/index.php?rest_route=\/wp\/v2\/posts\/37209\/revisions"}],"wp:attachment":[{"href":"http:\/\/fmdelpueblo.ar\/index.php?rest_route=%2Fwp%2Fv2%2Fmedia&parent=37209"}],"wp:term":[{"taxonomy":"category","embeddable":true,"href":"http:\/\/fmdelpueblo.ar\/index.php?rest_route=%2Fwp%2Fv2%2Fcategories&post=37209"},{"taxonomy":"post_tag","embeddable":true,"href":"http:\/\/fmdelpueblo.ar\/index.php?rest_route=%2Fwp%2Fv2%2Ftags&post=37209"}],"curies":[{"name":"wp","href":"https:\/\/api.w.org\/{rel}","templated":true}]}}