{"id":37203,"date":"2023-02-28T19:10:22","date_gmt":"2023-02-28T19:10:22","guid":{"rendered":"https:\/\/fmdelpueblo.ar\/?p=37203"},"modified":"2023-02-28T19:10:22","modified_gmt":"2023-02-28T19:10:22","slug":"tension-en-diputados-graciela-camano-pidio-que-se-retire-del-recinto-un-gremialista-por-los-escraches-a-legisladores","status":"publish","type":"post","link":"http:\/\/fmdelpueblo.ar\/?p=37203","title":{"rendered":"Tensi\u00f3n en Diputados: Graciela Cama\u00f1o pidi\u00f3 que se retire del recinto un gremialista por los escraches a legisladores"},"content":{"rendered":"<\/p>\n<p>La diputada enfureci\u00f3 al ver a Carlos Ortega, del Sindicato de los Trabajadores y Trabajadoras de la Administraci\u00f3n Nacional de la Seguridad Social, en uno de los palcos.  <a href=\"https:\/\/www.perfil.com\/noticias\/politica\/tension-en-diputados-graciela-camano-pidio-que-se-retire-del-recinto-un-gremialista-por-los-escraches-a-legisladores.phtml\">Leer m\u00e1s<\/a><\/p>\n","protected":false},"excerpt":{"rendered":"<p>La diputada enfureci\u00f3 al ver a Carlos Ortega, del Sindicato de los Trabajadores y Trabajadoras de la Administraci\u00f3n Nacional de la Seguridad Social, en uno de los palcos. Leer m\u00e1s<\/p>\n","protected":false},"author":0,"featured_media":0,"comment_status":"","ping_status":"","sticky":false,"template":"","format":"standard","meta":{"footnotes":""},"categories":[1],"tags":[],"class_list":["post-37203","post","type-post","status-publish","format-standard","hentry","category-sin-categoria"],"_links":{"self":[{"href":"http:\/\/fmdelpueblo.ar\/index.php?rest_route=\/wp\/v2\/posts\/37203","targetHints":{"allow":["GET"]}}],"collection":[{"href":"http:\/\/fmdelpueblo.ar\/index.php?rest_route=\/wp\/v2\/posts"}],"about":[{"href":"http:\/\/fmdelpueblo.ar\/index.php?rest_route=\/wp\/v2\/types\/post"}],"replies":[{"embeddable":true,"href":"http:\/\/fmdelpueblo.ar\/index.php?rest_route=%2Fwp%2Fv2%2Fcomments&post=37203"}],"version-history":[{"count":0,"href":"http:\/\/fmdelpueblo.ar\/index.php?rest_route=\/wp\/v2\/posts\/37203\/revisions"}],"wp:attachment":[{"href":"http:\/\/fmdelpueblo.ar\/index.php?rest_route=%2Fwp%2Fv2%2Fmedia&parent=37203"}],"wp:term":[{"taxonomy":"category","embeddable":true,"href":"http:\/\/fmdelpueblo.ar\/index.php?rest_route=%2Fwp%2Fv2%2Fcategories&post=37203"},{"taxonomy":"post_tag","embeddable":true,"href":"http:\/\/fmdelpueblo.ar\/index.php?rest_route=%2Fwp%2Fv2%2Ftags&post=37203"}],"curies":[{"name":"wp","href":"https:\/\/api.w.org\/{rel}","templated":true}]}}