{"id":251,"date":"2021-10-27T21:11:09","date_gmt":"2021-10-27T21:11:09","guid":{"rendered":"https:\/\/fmdelpueblo.ar\/?p=251"},"modified":"2021-10-27T21:11:09","modified_gmt":"2021-10-27T21:11:09","slug":"advierten-que-la-falta-de-neumaticos-puede-complicar-la-siembra-y-cosecha-de-soja-y-maiz","status":"publish","type":"post","link":"http:\/\/fmdelpueblo.ar\/?p=251","title":{"rendered":"Advierten que la falta de neum\u00e1ticos puede complicar la siembra y cosecha de soja y ma\u00edz"},"content":{"rendered":"<\/p>\n<p>Desde la Federaci\u00f3n Argentina de Contratistas de M\u00e1quinas Agr\u00edcolas advierten que puede haber retrasos en las siembras y cosechas, generando p\u00e9rdidas de d\u00f3lares para el pa\u00eds. <a href=\"https:\/\/www.perfil.com\/noticias\/agro\/la-falta-de-neumaticos-importados-las-tareas-en-los-cultivos-de-soja-y-maiz.phtml\">Leer m\u00e1s<\/a><\/p>\n","protected":false},"excerpt":{"rendered":"<p>Desde la Federaci\u00f3n Argentina de Contratistas de M\u00e1quinas Agr\u00edcolas advierten que puede haber retrasos en las siembras y cosechas, generando p\u00e9rdidas de d\u00f3lares para el pa\u00eds. Leer m\u00e1s<\/p>\n","protected":false},"author":0,"featured_media":0,"comment_status":"","ping_status":"","sticky":false,"template":"","format":"standard","meta":{"footnotes":""},"categories":[1],"tags":[],"class_list":["post-251","post","type-post","status-publish","format-standard","hentry","category-sin-categoria"],"_links":{"self":[{"href":"http:\/\/fmdelpueblo.ar\/index.php?rest_route=\/wp\/v2\/posts\/251","targetHints":{"allow":["GET"]}}],"collection":[{"href":"http:\/\/fmdelpueblo.ar\/index.php?rest_route=\/wp\/v2\/posts"}],"about":[{"href":"http:\/\/fmdelpueblo.ar\/index.php?rest_route=\/wp\/v2\/types\/post"}],"replies":[{"embeddable":true,"href":"http:\/\/fmdelpueblo.ar\/index.php?rest_route=%2Fwp%2Fv2%2Fcomments&post=251"}],"version-history":[{"count":0,"href":"http:\/\/fmdelpueblo.ar\/index.php?rest_route=\/wp\/v2\/posts\/251\/revisions"}],"wp:attachment":[{"href":"http:\/\/fmdelpueblo.ar\/index.php?rest_route=%2Fwp%2Fv2%2Fmedia&parent=251"}],"wp:term":[{"taxonomy":"category","embeddable":true,"href":"http:\/\/fmdelpueblo.ar\/index.php?rest_route=%2Fwp%2Fv2%2Fcategories&post=251"},{"taxonomy":"post_tag","embeddable":true,"href":"http:\/\/fmdelpueblo.ar\/index.php?rest_route=%2Fwp%2Fv2%2Ftags&post=251"}],"curies":[{"name":"wp","href":"https:\/\/api.w.org\/{rel}","templated":true}]}}