{"id":250,"date":"2021-10-27T21:11:09","date_gmt":"2021-10-27T21:11:09","guid":{"rendered":"https:\/\/fmdelpueblo.ar\/?p=250"},"modified":"2021-10-27T21:11:09","modified_gmt":"2021-10-27T21:11:09","slug":"julian-dominguez-con-la-biotecnologia-haremos-frente-a-los-desafios-del-cambio-climatico","status":"publish","type":"post","link":"http:\/\/fmdelpueblo.ar\/?p=250","title":{"rendered":"Juli\u00e1n Dom\u00ednguez: \u00abCon la biotecnolog\u00eda haremos frente a los desaf\u00edos del cambio clim\u00e1tico\u00bb"},"content":{"rendered":"<\/p>\n<p>El ministro de Agricultura, Ganader\u00eda y Pesca de la Naci\u00f3n visit\u00f3 la provincia de Santa Fe, donde se refiri\u00f3 al rol de la producci\u00f3n agropecuaria argentina en el contexto de las nuevas demandas ambientales. <a href=\"https:\/\/www.perfil.com\/noticias\/agro\/julian-dominguez-con-la-biotecnologia-haremos-frente-a-los-desafios-del-cambio-climatico.phtml\">Leer m\u00e1s<\/a><\/p>\n","protected":false},"excerpt":{"rendered":"<p>El ministro de Agricultura, Ganader\u00eda y Pesca de la Naci\u00f3n visit\u00f3 la provincia de Santa Fe, donde se refiri\u00f3 al rol de la producci\u00f3n agropecuaria argentina en el contexto de las nuevas demandas ambientales. Leer m\u00e1s<\/p>\n","protected":false},"author":0,"featured_media":0,"comment_status":"","ping_status":"","sticky":false,"template":"","format":"standard","meta":{"footnotes":""},"categories":[1],"tags":[],"class_list":["post-250","post","type-post","status-publish","format-standard","hentry","category-sin-categoria"],"_links":{"self":[{"href":"http:\/\/fmdelpueblo.ar\/index.php?rest_route=\/wp\/v2\/posts\/250","targetHints":{"allow":["GET"]}}],"collection":[{"href":"http:\/\/fmdelpueblo.ar\/index.php?rest_route=\/wp\/v2\/posts"}],"about":[{"href":"http:\/\/fmdelpueblo.ar\/index.php?rest_route=\/wp\/v2\/types\/post"}],"replies":[{"embeddable":true,"href":"http:\/\/fmdelpueblo.ar\/index.php?rest_route=%2Fwp%2Fv2%2Fcomments&post=250"}],"version-history":[{"count":0,"href":"http:\/\/fmdelpueblo.ar\/index.php?rest_route=\/wp\/v2\/posts\/250\/revisions"}],"wp:attachment":[{"href":"http:\/\/fmdelpueblo.ar\/index.php?rest_route=%2Fwp%2Fv2%2Fmedia&parent=250"}],"wp:term":[{"taxonomy":"category","embeddable":true,"href":"http:\/\/fmdelpueblo.ar\/index.php?rest_route=%2Fwp%2Fv2%2Fcategories&post=250"},{"taxonomy":"post_tag","embeddable":true,"href":"http:\/\/fmdelpueblo.ar\/index.php?rest_route=%2Fwp%2Fv2%2Ftags&post=250"}],"curies":[{"name":"wp","href":"https:\/\/api.w.org\/{rel}","templated":true}]}}