{"id":248,"date":"2021-10-27T19:21:48","date_gmt":"2021-10-27T19:21:48","guid":{"rendered":"https:\/\/fmdelpueblo.ar\/?p=248"},"modified":"2021-10-27T19:21:48","modified_gmt":"2021-10-27T19:21:48","slug":"greenpeace-emplaza-a-la-union-europea-a-vetar-vuelos-cortos-y-apuntalar-trenes","status":"publish","type":"post","link":"http:\/\/fmdelpueblo.ar\/?p=248","title":{"rendered":"Greenpeace emplaza a la Uni\u00f3n Europea a vetar vuelos cortos y apuntalar trenes"},"content":{"rendered":"<\/p>\n<p>Piden que se disponga de viajes en tren en recorridos de menos de seis horas. Una se\u00f1al de la creciente presi\u00f3n que enfrentan los gobiernos para tomar medidas m\u00e1s dr\u00e1sticas para evitar un desastre clim\u00e1tico. <a href=\"https:\/\/www.perfil.com\/noticias\/bloomberg\/bc-greenpeace-emplaza-a-ue-a-vetar-vuelos-cortos-y-apuntalar-trenes.phtml\">Leer m\u00e1s<\/a><\/p>\n","protected":false},"excerpt":{"rendered":"<p>Piden que se disponga de viajes en tren en recorridos de menos de seis horas. Una se\u00f1al de la creciente presi\u00f3n que enfrentan los gobiernos para tomar medidas m\u00e1s dr\u00e1sticas para evitar un desastre clim\u00e1tico. Leer m\u00e1s<\/p>\n","protected":false},"author":0,"featured_media":0,"comment_status":"","ping_status":"","sticky":false,"template":"","format":"standard","meta":{"footnotes":""},"categories":[1],"tags":[],"class_list":["post-248","post","type-post","status-publish","format-standard","hentry","category-sin-categoria"],"_links":{"self":[{"href":"http:\/\/fmdelpueblo.ar\/index.php?rest_route=\/wp\/v2\/posts\/248","targetHints":{"allow":["GET"]}}],"collection":[{"href":"http:\/\/fmdelpueblo.ar\/index.php?rest_route=\/wp\/v2\/posts"}],"about":[{"href":"http:\/\/fmdelpueblo.ar\/index.php?rest_route=\/wp\/v2\/types\/post"}],"replies":[{"embeddable":true,"href":"http:\/\/fmdelpueblo.ar\/index.php?rest_route=%2Fwp%2Fv2%2Fcomments&post=248"}],"version-history":[{"count":0,"href":"http:\/\/fmdelpueblo.ar\/index.php?rest_route=\/wp\/v2\/posts\/248\/revisions"}],"wp:attachment":[{"href":"http:\/\/fmdelpueblo.ar\/index.php?rest_route=%2Fwp%2Fv2%2Fmedia&parent=248"}],"wp:term":[{"taxonomy":"category","embeddable":true,"href":"http:\/\/fmdelpueblo.ar\/index.php?rest_route=%2Fwp%2Fv2%2Fcategories&post=248"},{"taxonomy":"post_tag","embeddable":true,"href":"http:\/\/fmdelpueblo.ar\/index.php?rest_route=%2Fwp%2Fv2%2Ftags&post=248"}],"curies":[{"name":"wp","href":"https:\/\/api.w.org\/{rel}","templated":true}]}}