{"id":246,"date":"2021-10-27T19:21:48","date_gmt":"2021-10-27T19:21:48","guid":{"rendered":"https:\/\/fmdelpueblo.ar\/?p=246"},"modified":"2021-10-27T19:21:48","modified_gmt":"2021-10-27T19:21:48","slug":"el-dolar-blue-termina-una-nueva-jornada-en-alza-a-197","status":"publish","type":"post","link":"http:\/\/fmdelpueblo.ar\/?p=246","title":{"rendered":"El d\u00f3lar Blue termina una nueva jornada en alza a $ 197"},"content":{"rendered":"<\/p>\n<p>El d\u00f3lar informal sube un peso y acumula su segunda suba consecutiva. Alcanza un nuevo m\u00e1ximo hist\u00f3rico y queda a solo tres pesos de los $ 200. <a href=\"https:\/\/www.perfil.com\/noticias\/economia\/el-dolar-blue-termina-una-nueva-jornada-en-alza-a-197.phtml\">Leer m\u00e1s<\/a><\/p>\n","protected":false},"excerpt":{"rendered":"<p>El d\u00f3lar informal sube un peso y acumula su segunda suba consecutiva. Alcanza un nuevo m\u00e1ximo hist\u00f3rico y queda a solo tres pesos de los $ 200. Leer m\u00e1s<\/p>\n","protected":false},"author":0,"featured_media":0,"comment_status":"","ping_status":"","sticky":false,"template":"","format":"standard","meta":{"footnotes":""},"categories":[1],"tags":[],"class_list":["post-246","post","type-post","status-publish","format-standard","hentry","category-sin-categoria"],"_links":{"self":[{"href":"http:\/\/fmdelpueblo.ar\/index.php?rest_route=\/wp\/v2\/posts\/246","targetHints":{"allow":["GET"]}}],"collection":[{"href":"http:\/\/fmdelpueblo.ar\/index.php?rest_route=\/wp\/v2\/posts"}],"about":[{"href":"http:\/\/fmdelpueblo.ar\/index.php?rest_route=\/wp\/v2\/types\/post"}],"replies":[{"embeddable":true,"href":"http:\/\/fmdelpueblo.ar\/index.php?rest_route=%2Fwp%2Fv2%2Fcomments&post=246"}],"version-history":[{"count":0,"href":"http:\/\/fmdelpueblo.ar\/index.php?rest_route=\/wp\/v2\/posts\/246\/revisions"}],"wp:attachment":[{"href":"http:\/\/fmdelpueblo.ar\/index.php?rest_route=%2Fwp%2Fv2%2Fmedia&parent=246"}],"wp:term":[{"taxonomy":"category","embeddable":true,"href":"http:\/\/fmdelpueblo.ar\/index.php?rest_route=%2Fwp%2Fv2%2Fcategories&post=246"},{"taxonomy":"post_tag","embeddable":true,"href":"http:\/\/fmdelpueblo.ar\/index.php?rest_route=%2Fwp%2Fv2%2Ftags&post=246"}],"curies":[{"name":"wp","href":"https:\/\/api.w.org\/{rel}","templated":true}]}}