{"id":245,"date":"2021-10-27T18:22:38","date_gmt":"2021-10-27T18:22:38","guid":{"rendered":"https:\/\/fmdelpueblo.ar\/?p=245"},"modified":"2021-10-27T18:22:38","modified_gmt":"2021-10-27T18:22:38","slug":"reves-para-macri-la-justicia-rechazo-su-recusacion-contra-el-juez-bava-en-la-causa-espionaje","status":"publish","type":"post","link":"http:\/\/fmdelpueblo.ar\/?p=245","title":{"rendered":"Rev\u00e9s para Macri: la Justicia rechaz\u00f3 su recusaci\u00f3n contra el juez Bava en la causa espionaje"},"content":{"rendered":"<\/p>\n<p>El abogado del ex presidente hab\u00eda planteado que ten\u00edan \u00abtemor de parcialidad\u00bb. Es en la causa que investiga el espionaje a familiares de v\u00edctimas del ARA San Juan. <a href=\"https:\/\/www.perfil.com\/noticias\/politica\/reves-para-macri-la-justicia-rechazo-su-recusacion-contra-el-juez-bava-en-la-causa-espionaje.phtml\">Leer m\u00e1s<\/a><\/p>\n","protected":false},"excerpt":{"rendered":"<p>El abogado del ex presidente hab\u00eda planteado que ten\u00edan \u00abtemor de parcialidad\u00bb. Es en la causa que investiga el espionaje a familiares de v\u00edctimas del ARA San Juan. Leer m\u00e1s<\/p>\n","protected":false},"author":0,"featured_media":0,"comment_status":"","ping_status":"","sticky":false,"template":"","format":"standard","meta":{"footnotes":""},"categories":[1],"tags":[],"class_list":["post-245","post","type-post","status-publish","format-standard","hentry","category-sin-categoria"],"_links":{"self":[{"href":"http:\/\/fmdelpueblo.ar\/index.php?rest_route=\/wp\/v2\/posts\/245","targetHints":{"allow":["GET"]}}],"collection":[{"href":"http:\/\/fmdelpueblo.ar\/index.php?rest_route=\/wp\/v2\/posts"}],"about":[{"href":"http:\/\/fmdelpueblo.ar\/index.php?rest_route=\/wp\/v2\/types\/post"}],"replies":[{"embeddable":true,"href":"http:\/\/fmdelpueblo.ar\/index.php?rest_route=%2Fwp%2Fv2%2Fcomments&post=245"}],"version-history":[{"count":0,"href":"http:\/\/fmdelpueblo.ar\/index.php?rest_route=\/wp\/v2\/posts\/245\/revisions"}],"wp:attachment":[{"href":"http:\/\/fmdelpueblo.ar\/index.php?rest_route=%2Fwp%2Fv2%2Fmedia&parent=245"}],"wp:term":[{"taxonomy":"category","embeddable":true,"href":"http:\/\/fmdelpueblo.ar\/index.php?rest_route=%2Fwp%2Fv2%2Fcategories&post=245"},{"taxonomy":"post_tag","embeddable":true,"href":"http:\/\/fmdelpueblo.ar\/index.php?rest_route=%2Fwp%2Fv2%2Ftags&post=245"}],"curies":[{"name":"wp","href":"https:\/\/api.w.org\/{rel}","templated":true}]}}