{"id":244,"date":"2021-10-27T18:22:38","date_gmt":"2021-10-27T18:22:38","guid":{"rendered":"https:\/\/fmdelpueblo.ar\/?p=244"},"modified":"2021-10-27T18:22:38","modified_gmt":"2021-10-27T18:22:38","slug":"el-grupo-hz-lanza-los-primeros-potes-de-helado-en-cartulina-reciclable-y-biodegradable","status":"publish","type":"post","link":"http:\/\/fmdelpueblo.ar\/?p=244","title":{"rendered":"El Grupo HZ lanza los primeros potes de helado en cartulina reciclable y biodegradable"},"content":{"rendered":"<\/p>\n<p>Los nuevos envases se degradan en menos de 18 meses mientras que los recipientes de telgopor tardan m\u00e1s 500 a\u00f1os. <a href=\"https:\/\/www.perfil.com\/noticias\/economia\/el-grupo-hz-lanza-los-primeros-potes-de-helado-en-cartulina-reciclable-y-biodegradable.phtml\">Leer m\u00e1s<\/a><\/p>\n","protected":false},"excerpt":{"rendered":"<p>Los nuevos envases se degradan en menos de 18 meses mientras que los recipientes de telgopor tardan m\u00e1s 500 a\u00f1os. Leer m\u00e1s<\/p>\n","protected":false},"author":0,"featured_media":0,"comment_status":"","ping_status":"","sticky":false,"template":"","format":"standard","meta":{"footnotes":""},"categories":[1],"tags":[],"class_list":["post-244","post","type-post","status-publish","format-standard","hentry","category-sin-categoria"],"_links":{"self":[{"href":"http:\/\/fmdelpueblo.ar\/index.php?rest_route=\/wp\/v2\/posts\/244","targetHints":{"allow":["GET"]}}],"collection":[{"href":"http:\/\/fmdelpueblo.ar\/index.php?rest_route=\/wp\/v2\/posts"}],"about":[{"href":"http:\/\/fmdelpueblo.ar\/index.php?rest_route=\/wp\/v2\/types\/post"}],"replies":[{"embeddable":true,"href":"http:\/\/fmdelpueblo.ar\/index.php?rest_route=%2Fwp%2Fv2%2Fcomments&post=244"}],"version-history":[{"count":0,"href":"http:\/\/fmdelpueblo.ar\/index.php?rest_route=\/wp\/v2\/posts\/244\/revisions"}],"wp:attachment":[{"href":"http:\/\/fmdelpueblo.ar\/index.php?rest_route=%2Fwp%2Fv2%2Fmedia&parent=244"}],"wp:term":[{"taxonomy":"category","embeddable":true,"href":"http:\/\/fmdelpueblo.ar\/index.php?rest_route=%2Fwp%2Fv2%2Fcategories&post=244"},{"taxonomy":"post_tag","embeddable":true,"href":"http:\/\/fmdelpueblo.ar\/index.php?rest_route=%2Fwp%2Fv2%2Ftags&post=244"}],"curies":[{"name":"wp","href":"https:\/\/api.w.org\/{rel}","templated":true}]}}