{"id":243,"date":"2021-10-27T18:22:38","date_gmt":"2021-10-27T18:22:38","guid":{"rendered":"https:\/\/fmdelpueblo.ar\/?p=243"},"modified":"2021-10-27T18:22:38","modified_gmt":"2021-10-27T18:22:38","slug":"vino-tinto-mercosur-y-placenta-comun-las-mejores-definiciones-de-pepe-mujica","status":"publish","type":"post","link":"http:\/\/fmdelpueblo.ar\/?p=243","title":{"rendered":"\u00abVino tinto\u00bb, \u00abMercosur\u00bb y \u00abPlacenta com\u00fan\u00bb, las mejores definiciones de \u00abPepe\u00bb Mujica"},"content":{"rendered":"<\/p>\n<p>El expresidente de Uruguay recibi\u00f3 el Collar de la Orden del Libertador General San Mart\u00edn. Dio definiciones acerca del v\u00ednculo entre ambos pa\u00edses, el Mercosur e inst\u00f3 a los argentinos a superar la grieta.  <a href=\"https:\/\/www.perfil.com\/noticias\/actualidad\/vino-tinto-mercosur-y-placenta-comun-las-mejores-definiciones-de-pepe-mujica.phtml\">Leer m\u00e1s<\/a><\/p>\n","protected":false},"excerpt":{"rendered":"<p>El expresidente de Uruguay recibi\u00f3 el Collar de la Orden del Libertador General San Mart\u00edn. Dio definiciones acerca del v\u00ednculo entre ambos pa\u00edses, el Mercosur e inst\u00f3 a los argentinos a superar la grieta. Leer m\u00e1s<\/p>\n","protected":false},"author":0,"featured_media":0,"comment_status":"","ping_status":"","sticky":false,"template":"","format":"standard","meta":{"footnotes":""},"categories":[1],"tags":[],"class_list":["post-243","post","type-post","status-publish","format-standard","hentry","category-sin-categoria"],"_links":{"self":[{"href":"http:\/\/fmdelpueblo.ar\/index.php?rest_route=\/wp\/v2\/posts\/243","targetHints":{"allow":["GET"]}}],"collection":[{"href":"http:\/\/fmdelpueblo.ar\/index.php?rest_route=\/wp\/v2\/posts"}],"about":[{"href":"http:\/\/fmdelpueblo.ar\/index.php?rest_route=\/wp\/v2\/types\/post"}],"replies":[{"embeddable":true,"href":"http:\/\/fmdelpueblo.ar\/index.php?rest_route=%2Fwp%2Fv2%2Fcomments&post=243"}],"version-history":[{"count":0,"href":"http:\/\/fmdelpueblo.ar\/index.php?rest_route=\/wp\/v2\/posts\/243\/revisions"}],"wp:attachment":[{"href":"http:\/\/fmdelpueblo.ar\/index.php?rest_route=%2Fwp%2Fv2%2Fmedia&parent=243"}],"wp:term":[{"taxonomy":"category","embeddable":true,"href":"http:\/\/fmdelpueblo.ar\/index.php?rest_route=%2Fwp%2Fv2%2Fcategories&post=243"},{"taxonomy":"post_tag","embeddable":true,"href":"http:\/\/fmdelpueblo.ar\/index.php?rest_route=%2Fwp%2Fv2%2Ftags&post=243"}],"curies":[{"name":"wp","href":"https:\/\/api.w.org\/{rel}","templated":true}]}}