{"id":242,"date":"2021-10-27T17:18:16","date_gmt":"2021-10-27T17:18:16","guid":{"rendered":"https:\/\/fmdelpueblo.ar\/?p=242"},"modified":"2021-10-27T17:18:16","modified_gmt":"2021-10-27T17:18:16","slug":"el-desempleo-en-brasil-bajo-mas-de-lo-esperado-ante-la-recuperacion","status":"publish","type":"post","link":"http:\/\/fmdelpueblo.ar\/?p=242","title":{"rendered":"El desempleo en Brasil baj\u00f3 m\u00e1s de lo esperado ante la recuperaci\u00f3n"},"content":{"rendered":"<\/p>\n<p>El desempleo en Brasil disminuy\u00f3 m\u00e1s de lo esperado gracias a que el mercado laboral se est\u00e1 recuperando gradualmente en la mayor econom\u00eda de Am\u00e9rica Latina. <a href=\"https:\/\/www.perfil.com\/noticias\/bloomberg\/bc-desempleo-en-brasil-cayo-mas-de-lo-esperado-ante-la-recuperacion.phtml\">Leer m\u00e1s<\/a><\/p>\n","protected":false},"excerpt":{"rendered":"<p>El desempleo en Brasil disminuy\u00f3 m\u00e1s de lo esperado gracias a que el mercado laboral se est\u00e1 recuperando gradualmente en la mayor econom\u00eda de Am\u00e9rica Latina. Leer m\u00e1s<\/p>\n","protected":false},"author":0,"featured_media":0,"comment_status":"","ping_status":"","sticky":false,"template":"","format":"standard","meta":{"footnotes":""},"categories":[1],"tags":[],"class_list":["post-242","post","type-post","status-publish","format-standard","hentry","category-sin-categoria"],"_links":{"self":[{"href":"http:\/\/fmdelpueblo.ar\/index.php?rest_route=\/wp\/v2\/posts\/242","targetHints":{"allow":["GET"]}}],"collection":[{"href":"http:\/\/fmdelpueblo.ar\/index.php?rest_route=\/wp\/v2\/posts"}],"about":[{"href":"http:\/\/fmdelpueblo.ar\/index.php?rest_route=\/wp\/v2\/types\/post"}],"replies":[{"embeddable":true,"href":"http:\/\/fmdelpueblo.ar\/index.php?rest_route=%2Fwp%2Fv2%2Fcomments&post=242"}],"version-history":[{"count":0,"href":"http:\/\/fmdelpueblo.ar\/index.php?rest_route=\/wp\/v2\/posts\/242\/revisions"}],"wp:attachment":[{"href":"http:\/\/fmdelpueblo.ar\/index.php?rest_route=%2Fwp%2Fv2%2Fmedia&parent=242"}],"wp:term":[{"taxonomy":"category","embeddable":true,"href":"http:\/\/fmdelpueblo.ar\/index.php?rest_route=%2Fwp%2Fv2%2Fcategories&post=242"},{"taxonomy":"post_tag","embeddable":true,"href":"http:\/\/fmdelpueblo.ar\/index.php?rest_route=%2Fwp%2Fv2%2Ftags&post=242"}],"curies":[{"name":"wp","href":"https:\/\/api.w.org\/{rel}","templated":true}]}}