{"id":241,"date":"2021-10-27T17:18:16","date_gmt":"2021-10-27T17:18:16","guid":{"rendered":"https:\/\/fmdelpueblo.ar\/?p=241"},"modified":"2021-10-27T17:18:16","modified_gmt":"2021-10-27T17:18:16","slug":"novavax-solicita-autorizacion-para-su-vacuna-contra-el-covid-de-base-proteica","status":"publish","type":"post","link":"http:\/\/fmdelpueblo.ar\/?p=241","title":{"rendered":"Novavax solicita autorizaci\u00f3n para su vacuna contra el Covid de base proteica"},"content":{"rendered":"<\/p>\n<p>La compa\u00f1\u00eda pidi\u00f3 aprobaci\u00f3n a autoridades brit\u00e1nicas para su vacuna contra el covid-19, la primera solicitud en la regi\u00f3n para una vacuna basada en prote\u00ednas contra este virus. <a href=\"https:\/\/www.perfil.com\/noticias\/bloomberg\/bc-novavax-solicita-autorizacion-para-vacuna-covid-de-base-proteica.phtml\">Leer m\u00e1s<\/a><\/p>\n","protected":false},"excerpt":{"rendered":"<p>La compa\u00f1\u00eda pidi\u00f3 aprobaci\u00f3n a autoridades brit\u00e1nicas para su vacuna contra el covid-19, la primera solicitud en la regi\u00f3n para una vacuna basada en prote\u00ednas contra este virus. Leer m\u00e1s<\/p>\n","protected":false},"author":0,"featured_media":0,"comment_status":"","ping_status":"","sticky":false,"template":"","format":"standard","meta":{"footnotes":""},"categories":[1],"tags":[],"class_list":["post-241","post","type-post","status-publish","format-standard","hentry","category-sin-categoria"],"_links":{"self":[{"href":"http:\/\/fmdelpueblo.ar\/index.php?rest_route=\/wp\/v2\/posts\/241","targetHints":{"allow":["GET"]}}],"collection":[{"href":"http:\/\/fmdelpueblo.ar\/index.php?rest_route=\/wp\/v2\/posts"}],"about":[{"href":"http:\/\/fmdelpueblo.ar\/index.php?rest_route=\/wp\/v2\/types\/post"}],"replies":[{"embeddable":true,"href":"http:\/\/fmdelpueblo.ar\/index.php?rest_route=%2Fwp%2Fv2%2Fcomments&post=241"}],"version-history":[{"count":0,"href":"http:\/\/fmdelpueblo.ar\/index.php?rest_route=\/wp\/v2\/posts\/241\/revisions"}],"wp:attachment":[{"href":"http:\/\/fmdelpueblo.ar\/index.php?rest_route=%2Fwp%2Fv2%2Fmedia&parent=241"}],"wp:term":[{"taxonomy":"category","embeddable":true,"href":"http:\/\/fmdelpueblo.ar\/index.php?rest_route=%2Fwp%2Fv2%2Fcategories&post=241"},{"taxonomy":"post_tag","embeddable":true,"href":"http:\/\/fmdelpueblo.ar\/index.php?rest_route=%2Fwp%2Fv2%2Ftags&post=241"}],"curies":[{"name":"wp","href":"https:\/\/api.w.org\/{rel}","templated":true}]}}