{"id":240,"date":"2021-10-27T16:21:03","date_gmt":"2021-10-27T16:21:03","guid":{"rendered":"https:\/\/fmdelpueblo.ar\/?p=240"},"modified":"2021-10-27T16:21:03","modified_gmt":"2021-10-27T16:21:03","slug":"diputados-aprobo-el-nuevo-regimen-de-promocion-para-la-produccion-ovina","status":"publish","type":"post","link":"http:\/\/fmdelpueblo.ar\/?p=240","title":{"rendered":"Diputados aprob\u00f3 el nuevo r\u00e9gimen de promoci\u00f3n para la producci\u00f3n ovina"},"content":{"rendered":"<\/p>\n<p>La ley, que cont\u00f3 con apoyo de los bloques oficialista y opositores, prev\u00e9 fondos por con fondos por hasta $850 millones. <a href=\"https:\/\/www.perfil.com\/noticias\/agro\/diputados-aprobo-el-nuevo-regimen-de-promocion-para-la-produccion-ovina.phtml\">Leer m\u00e1s<\/a><\/p>\n","protected":false},"excerpt":{"rendered":"<p>La ley, que cont\u00f3 con apoyo de los bloques oficialista y opositores, prev\u00e9 fondos por con fondos por hasta $850 millones. Leer m\u00e1s<\/p>\n","protected":false},"author":0,"featured_media":0,"comment_status":"","ping_status":"","sticky":false,"template":"","format":"standard","meta":{"footnotes":""},"categories":[1],"tags":[],"class_list":["post-240","post","type-post","status-publish","format-standard","hentry","category-sin-categoria"],"_links":{"self":[{"href":"http:\/\/fmdelpueblo.ar\/index.php?rest_route=\/wp\/v2\/posts\/240","targetHints":{"allow":["GET"]}}],"collection":[{"href":"http:\/\/fmdelpueblo.ar\/index.php?rest_route=\/wp\/v2\/posts"}],"about":[{"href":"http:\/\/fmdelpueblo.ar\/index.php?rest_route=\/wp\/v2\/types\/post"}],"replies":[{"embeddable":true,"href":"http:\/\/fmdelpueblo.ar\/index.php?rest_route=%2Fwp%2Fv2%2Fcomments&post=240"}],"version-history":[{"count":0,"href":"http:\/\/fmdelpueblo.ar\/index.php?rest_route=\/wp\/v2\/posts\/240\/revisions"}],"wp:attachment":[{"href":"http:\/\/fmdelpueblo.ar\/index.php?rest_route=%2Fwp%2Fv2%2Fmedia&parent=240"}],"wp:term":[{"taxonomy":"category","embeddable":true,"href":"http:\/\/fmdelpueblo.ar\/index.php?rest_route=%2Fwp%2Fv2%2Fcategories&post=240"},{"taxonomy":"post_tag","embeddable":true,"href":"http:\/\/fmdelpueblo.ar\/index.php?rest_route=%2Fwp%2Fv2%2Ftags&post=240"}],"curies":[{"name":"wp","href":"https:\/\/api.w.org\/{rel}","templated":true}]}}