{"id":239,"date":"2021-10-27T16:21:03","date_gmt":"2021-10-27T16:21:03","guid":{"rendered":"https:\/\/fmdelpueblo.ar\/?p=239"},"modified":"2021-10-27T16:21:03","modified_gmt":"2021-10-27T16:21:03","slug":"la-reaccion-de-fernando-iglesias-cuando-le-rechazaron-el-pedido-de-juicio-politico-a-anibal-fernandez","status":"publish","type":"post","link":"http:\/\/fmdelpueblo.ar\/?p=239","title":{"rendered":"La reacci\u00f3n de Fernando Iglesias cuando le rechazaron el pedido de juicio pol\u00edtico a An\u00edbal Fern\u00e1ndez"},"content":{"rendered":"<\/p>\n<p>Luego que el legislador del PRO solicitara un apartamiento al reglamento para tratar el pedido de juicio pol\u00edtico al ministro de Seguridad, el mismo fue rechazado. Los cruces en el debate. <a href=\"https:\/\/www.perfil.com\/noticias\/politica\/la-reaccion-de-fernando-iglesias-cuando-le-rechazaron-el-pedido-de-juicio-politico-a-anibal-fernandez.phtml\">Leer m\u00e1s<\/a><\/p>\n","protected":false},"excerpt":{"rendered":"<p>Luego que el legislador del PRO solicitara un apartamiento al reglamento para tratar el pedido de juicio pol\u00edtico al ministro de Seguridad, el mismo fue rechazado. Los cruces en el debate. Leer m\u00e1s<\/p>\n","protected":false},"author":0,"featured_media":0,"comment_status":"","ping_status":"","sticky":false,"template":"","format":"standard","meta":{"footnotes":""},"categories":[1],"tags":[],"class_list":["post-239","post","type-post","status-publish","format-standard","hentry","category-sin-categoria"],"_links":{"self":[{"href":"http:\/\/fmdelpueblo.ar\/index.php?rest_route=\/wp\/v2\/posts\/239","targetHints":{"allow":["GET"]}}],"collection":[{"href":"http:\/\/fmdelpueblo.ar\/index.php?rest_route=\/wp\/v2\/posts"}],"about":[{"href":"http:\/\/fmdelpueblo.ar\/index.php?rest_route=\/wp\/v2\/types\/post"}],"replies":[{"embeddable":true,"href":"http:\/\/fmdelpueblo.ar\/index.php?rest_route=%2Fwp%2Fv2%2Fcomments&post=239"}],"version-history":[{"count":0,"href":"http:\/\/fmdelpueblo.ar\/index.php?rest_route=\/wp\/v2\/posts\/239\/revisions"}],"wp:attachment":[{"href":"http:\/\/fmdelpueblo.ar\/index.php?rest_route=%2Fwp%2Fv2%2Fmedia&parent=239"}],"wp:term":[{"taxonomy":"category","embeddable":true,"href":"http:\/\/fmdelpueblo.ar\/index.php?rest_route=%2Fwp%2Fv2%2Fcategories&post=239"},{"taxonomy":"post_tag","embeddable":true,"href":"http:\/\/fmdelpueblo.ar\/index.php?rest_route=%2Fwp%2Fv2%2Ftags&post=239"}],"curies":[{"name":"wp","href":"https:\/\/api.w.org\/{rel}","templated":true}]}}