{"id":230,"date":"2021-10-27T14:24:05","date_gmt":"2021-10-27T14:24:05","guid":{"rendered":"https:\/\/fmdelpueblo.ar\/?p=230"},"modified":"2021-10-27T14:24:05","modified_gmt":"2021-10-27T14:24:05","slug":"replegado-de-la-escena-politica-duhalde-insiste-con-firmar-un-pacto-de-pactos-con-todos-los-sectores","status":"publish","type":"post","link":"http:\/\/fmdelpueblo.ar\/?p=230","title":{"rendered":"Replegado de la escena pol\u00edtica, Duhalde insiste con firmar un \u00abPacto de pactos\u00bb con todos los sectores"},"content":{"rendered":"<\/p>\n<p>El ex mandatario reuni\u00f3 a varios dirigentes pol\u00edticos cercanos e insisti\u00f3 con un \u00abAcuerdo de Unidad\u00bb para solucionar los problemas del pa\u00eds.\u00a0 <a href=\"https:\/\/www.perfil.com\/noticias\/politica\/replegado-de-la-escena-politica-duhalde-insiste-con-firmar-un-pacto-de-pactos-con-todos-los-sectores.phtml\">Leer m\u00e1s<\/a><\/p>\n","protected":false},"excerpt":{"rendered":"<p>El ex mandatario reuni\u00f3 a varios dirigentes pol\u00edticos cercanos e insisti\u00f3 con un \u00abAcuerdo de Unidad\u00bb para solucionar los problemas del pa\u00eds.\u00a0 Leer m\u00e1s<\/p>\n","protected":false},"author":0,"featured_media":0,"comment_status":"","ping_status":"","sticky":false,"template":"","format":"standard","meta":{"footnotes":""},"categories":[1],"tags":[],"class_list":["post-230","post","type-post","status-publish","format-standard","hentry","category-sin-categoria"],"_links":{"self":[{"href":"http:\/\/fmdelpueblo.ar\/index.php?rest_route=\/wp\/v2\/posts\/230","targetHints":{"allow":["GET"]}}],"collection":[{"href":"http:\/\/fmdelpueblo.ar\/index.php?rest_route=\/wp\/v2\/posts"}],"about":[{"href":"http:\/\/fmdelpueblo.ar\/index.php?rest_route=\/wp\/v2\/types\/post"}],"replies":[{"embeddable":true,"href":"http:\/\/fmdelpueblo.ar\/index.php?rest_route=%2Fwp%2Fv2%2Fcomments&post=230"}],"version-history":[{"count":0,"href":"http:\/\/fmdelpueblo.ar\/index.php?rest_route=\/wp\/v2\/posts\/230\/revisions"}],"wp:attachment":[{"href":"http:\/\/fmdelpueblo.ar\/index.php?rest_route=%2Fwp%2Fv2%2Fmedia&parent=230"}],"wp:term":[{"taxonomy":"category","embeddable":true,"href":"http:\/\/fmdelpueblo.ar\/index.php?rest_route=%2Fwp%2Fv2%2Fcategories&post=230"},{"taxonomy":"post_tag","embeddable":true,"href":"http:\/\/fmdelpueblo.ar\/index.php?rest_route=%2Fwp%2Fv2%2Ftags&post=230"}],"curies":[{"name":"wp","href":"https:\/\/api.w.org\/{rel}","templated":true}]}}