{"id":229,"date":"2021-10-27T14:24:05","date_gmt":"2021-10-27T14:24:05","guid":{"rendered":"https:\/\/fmdelpueblo.ar\/?p=229"},"modified":"2021-10-27T14:24:05","modified_gmt":"2021-10-27T14:24:05","slug":"el-dolar-blue-abre-el-dia-en-su-valor-record-de-196","status":"publish","type":"post","link":"http:\/\/fmdelpueblo.ar\/?p=229","title":{"rendered":"El d\u00f3lar Blue abre el d\u00eda en su valor r\u00e9cord de $ 196"},"content":{"rendered":"<\/p>\n<p>Con la suba de dos pesos del martes, la\u00a0brecha\u00a0entre el blue y el d\u00f3lar oficial\u200b es de 95%. En tanto, el oficial minorista se mantiene en $ 104,75 para la venta. <a href=\"https:\/\/www.perfil.com\/noticias\/economia\/el-dolar-blue-abre-el-dia-en-su-valor-record-de-196.phtml\">Leer m\u00e1s<\/a><\/p>\n","protected":false},"excerpt":{"rendered":"<p>Con la suba de dos pesos del martes, la\u00a0brecha\u00a0entre el blue y el d\u00f3lar oficial\u200b es de 95%. En tanto, el oficial minorista se mantiene en $ 104,75 para la venta. Leer m\u00e1s<\/p>\n","protected":false},"author":0,"featured_media":0,"comment_status":"","ping_status":"","sticky":false,"template":"","format":"standard","meta":{"footnotes":""},"categories":[1],"tags":[],"class_list":["post-229","post","type-post","status-publish","format-standard","hentry","category-sin-categoria"],"_links":{"self":[{"href":"http:\/\/fmdelpueblo.ar\/index.php?rest_route=\/wp\/v2\/posts\/229","targetHints":{"allow":["GET"]}}],"collection":[{"href":"http:\/\/fmdelpueblo.ar\/index.php?rest_route=\/wp\/v2\/posts"}],"about":[{"href":"http:\/\/fmdelpueblo.ar\/index.php?rest_route=\/wp\/v2\/types\/post"}],"replies":[{"embeddable":true,"href":"http:\/\/fmdelpueblo.ar\/index.php?rest_route=%2Fwp%2Fv2%2Fcomments&post=229"}],"version-history":[{"count":0,"href":"http:\/\/fmdelpueblo.ar\/index.php?rest_route=\/wp\/v2\/posts\/229\/revisions"}],"wp:attachment":[{"href":"http:\/\/fmdelpueblo.ar\/index.php?rest_route=%2Fwp%2Fv2%2Fmedia&parent=229"}],"wp:term":[{"taxonomy":"category","embeddable":true,"href":"http:\/\/fmdelpueblo.ar\/index.php?rest_route=%2Fwp%2Fv2%2Fcategories&post=229"},{"taxonomy":"post_tag","embeddable":true,"href":"http:\/\/fmdelpueblo.ar\/index.php?rest_route=%2Fwp%2Fv2%2Ftags&post=229"}],"curies":[{"name":"wp","href":"https:\/\/api.w.org\/{rel}","templated":true}]}}