{"id":228,"date":"2021-10-27T13:22:45","date_gmt":"2021-10-27T13:22:45","guid":{"rendered":"https:\/\/fmdelpueblo.ar\/?p=228"},"modified":"2021-10-27T13:22:45","modified_gmt":"2021-10-27T13:22:45","slug":"florencia-kirchner-recordo-a-su-padre-con-una-foto-intima","status":"publish","type":"post","link":"http:\/\/fmdelpueblo.ar\/?p=228","title":{"rendered":"Florencia Kirchner record\u00f3 a su padre con una foto \u00edntima"},"content":{"rendered":"<\/p>\n<p>La hija de la Vicepresidenta record\u00f3 a N\u00e9stor Kirchner a 11 a\u00f1os de su fallecimiento. Esta tarde en Mor\u00f3n se llevar\u00e1 adelante un acto en homenaje a su memoria. <a href=\"https:\/\/www.perfil.com\/noticias\/actualidad\/emotivo-florencia-kirchner-recordo-a-su-padre-con-una-foto-intima.phtml\">Leer m\u00e1s<\/a><\/p>\n","protected":false},"excerpt":{"rendered":"<p>La hija de la Vicepresidenta record\u00f3 a N\u00e9stor Kirchner a 11 a\u00f1os de su fallecimiento. Esta tarde en Mor\u00f3n se llevar\u00e1 adelante un acto en homenaje a su memoria. Leer m\u00e1s<\/p>\n","protected":false},"author":0,"featured_media":0,"comment_status":"","ping_status":"","sticky":false,"template":"","format":"standard","meta":{"footnotes":""},"categories":[1],"tags":[],"class_list":["post-228","post","type-post","status-publish","format-standard","hentry","category-sin-categoria"],"_links":{"self":[{"href":"http:\/\/fmdelpueblo.ar\/index.php?rest_route=\/wp\/v2\/posts\/228","targetHints":{"allow":["GET"]}}],"collection":[{"href":"http:\/\/fmdelpueblo.ar\/index.php?rest_route=\/wp\/v2\/posts"}],"about":[{"href":"http:\/\/fmdelpueblo.ar\/index.php?rest_route=\/wp\/v2\/types\/post"}],"replies":[{"embeddable":true,"href":"http:\/\/fmdelpueblo.ar\/index.php?rest_route=%2Fwp%2Fv2%2Fcomments&post=228"}],"version-history":[{"count":0,"href":"http:\/\/fmdelpueblo.ar\/index.php?rest_route=\/wp\/v2\/posts\/228\/revisions"}],"wp:attachment":[{"href":"http:\/\/fmdelpueblo.ar\/index.php?rest_route=%2Fwp%2Fv2%2Fmedia&parent=228"}],"wp:term":[{"taxonomy":"category","embeddable":true,"href":"http:\/\/fmdelpueblo.ar\/index.php?rest_route=%2Fwp%2Fv2%2Fcategories&post=228"},{"taxonomy":"post_tag","embeddable":true,"href":"http:\/\/fmdelpueblo.ar\/index.php?rest_route=%2Fwp%2Fv2%2Ftags&post=228"}],"curies":[{"name":"wp","href":"https:\/\/api.w.org\/{rel}","templated":true}]}}