{"id":227,"date":"2021-10-27T13:22:45","date_gmt":"2021-10-27T13:22:45","guid":{"rendered":"https:\/\/fmdelpueblo.ar\/?p=227"},"modified":"2021-10-27T13:22:45","modified_gmt":"2021-10-27T13:22:45","slug":"alberto-fernandez-abre-la-expo-escobar-un-evento-que-reunira-a-330-expositores","status":"publish","type":"post","link":"http:\/\/fmdelpueblo.ar\/?p=227","title":{"rendered":"Alberto Fern\u00e1ndez abre la Expo Escobar, un evento que reunir\u00e1 a 330 expositores"},"content":{"rendered":"<\/p>\n<p>Se inaugura este jueves y se extender\u00e1 hasta el s\u00e1bado 30 de octubre. Est\u00e1 destinada a promocionar nuevas tecnolog\u00edas, innovaci\u00f3n en econom\u00eda y vanguardias en sostenibilidad.\u00a0 <a href=\"https:\/\/www.perfil.com\/noticias\/sociedad\/alberto-fernandez-abre-la-expo-escobar-un-evento-que-reunira-a-330-expositores.phtml\">Leer m\u00e1s<\/a><\/p>\n","protected":false},"excerpt":{"rendered":"<p>Se inaugura este jueves y se extender\u00e1 hasta el s\u00e1bado 30 de octubre. Est\u00e1 destinada a promocionar nuevas tecnolog\u00edas, innovaci\u00f3n en econom\u00eda y vanguardias en sostenibilidad.\u00a0 Leer m\u00e1s<\/p>\n","protected":false},"author":0,"featured_media":0,"comment_status":"","ping_status":"","sticky":false,"template":"","format":"standard","meta":{"footnotes":""},"categories":[1],"tags":[],"class_list":["post-227","post","type-post","status-publish","format-standard","hentry","category-sin-categoria"],"_links":{"self":[{"href":"http:\/\/fmdelpueblo.ar\/index.php?rest_route=\/wp\/v2\/posts\/227","targetHints":{"allow":["GET"]}}],"collection":[{"href":"http:\/\/fmdelpueblo.ar\/index.php?rest_route=\/wp\/v2\/posts"}],"about":[{"href":"http:\/\/fmdelpueblo.ar\/index.php?rest_route=\/wp\/v2\/types\/post"}],"replies":[{"embeddable":true,"href":"http:\/\/fmdelpueblo.ar\/index.php?rest_route=%2Fwp%2Fv2%2Fcomments&post=227"}],"version-history":[{"count":0,"href":"http:\/\/fmdelpueblo.ar\/index.php?rest_route=\/wp\/v2\/posts\/227\/revisions"}],"wp:attachment":[{"href":"http:\/\/fmdelpueblo.ar\/index.php?rest_route=%2Fwp%2Fv2%2Fmedia&parent=227"}],"wp:term":[{"taxonomy":"category","embeddable":true,"href":"http:\/\/fmdelpueblo.ar\/index.php?rest_route=%2Fwp%2Fv2%2Fcategories&post=227"},{"taxonomy":"post_tag","embeddable":true,"href":"http:\/\/fmdelpueblo.ar\/index.php?rest_route=%2Fwp%2Fv2%2Ftags&post=227"}],"curies":[{"name":"wp","href":"https:\/\/api.w.org\/{rel}","templated":true}]}}