{"id":226,"date":"2021-10-27T13:22:45","date_gmt":"2021-10-27T13:22:45","guid":{"rendered":"https:\/\/fmdelpueblo.ar\/?p=226"},"modified":"2021-10-27T13:22:45","modified_gmt":"2021-10-27T13:22:45","slug":"horacio-rodriguez-larreta-tenemos-que-ir-sobre-los-monopolios-no-ayudan-a-bajar-la-inflacion","status":"publish","type":"post","link":"http:\/\/fmdelpueblo.ar\/?p=226","title":{"rendered":"Horacio Rodr\u00edguez Larreta: \u00abTenemos que ir sobre los monopolios, no ayudan a bajar la inflaci\u00f3n\u00bb"},"content":{"rendered":"<\/p>\n<p>El jefe de Gobierno porte\u00f1o habl\u00f3 sobre la inflaci\u00f3n y manifest\u00f3 la necesidad de ir contra los monopolios para beneficiar la competencia. Tambi\u00e9n se refiri\u00f3 a la citaci\u00f3n de Mauricio Macri en Dolores y asegur\u00f3 no tener perspectiva de llegar a un consenso con el oficialismo. <a href=\"https:\/\/www.perfil.com\/noticias\/politica\/horacio-rodriguez-larreta-tenemos-que-ir-sobre-los-monopolios-no-ayudan-a-bajar-la-inflacion.phtml\">Leer m\u00e1s<\/a><\/p>\n","protected":false},"excerpt":{"rendered":"<p>El jefe de Gobierno porte\u00f1o habl\u00f3 sobre la inflaci\u00f3n y manifest\u00f3 la necesidad de ir contra los monopolios para beneficiar la competencia. Tambi\u00e9n se refiri\u00f3 a la citaci\u00f3n de Mauricio Macri en Dolores y asegur\u00f3 no tener perspectiva de llegar a un consenso con el oficialismo. Leer m\u00e1s<\/p>\n","protected":false},"author":0,"featured_media":0,"comment_status":"","ping_status":"","sticky":false,"template":"","format":"standard","meta":{"footnotes":""},"categories":[1],"tags":[],"class_list":["post-226","post","type-post","status-publish","format-standard","hentry","category-sin-categoria"],"_links":{"self":[{"href":"http:\/\/fmdelpueblo.ar\/index.php?rest_route=\/wp\/v2\/posts\/226","targetHints":{"allow":["GET"]}}],"collection":[{"href":"http:\/\/fmdelpueblo.ar\/index.php?rest_route=\/wp\/v2\/posts"}],"about":[{"href":"http:\/\/fmdelpueblo.ar\/index.php?rest_route=\/wp\/v2\/types\/post"}],"replies":[{"embeddable":true,"href":"http:\/\/fmdelpueblo.ar\/index.php?rest_route=%2Fwp%2Fv2%2Fcomments&post=226"}],"version-history":[{"count":0,"href":"http:\/\/fmdelpueblo.ar\/index.php?rest_route=\/wp\/v2\/posts\/226\/revisions"}],"wp:attachment":[{"href":"http:\/\/fmdelpueblo.ar\/index.php?rest_route=%2Fwp%2Fv2%2Fmedia&parent=226"}],"wp:term":[{"taxonomy":"category","embeddable":true,"href":"http:\/\/fmdelpueblo.ar\/index.php?rest_route=%2Fwp%2Fv2%2Fcategories&post=226"},{"taxonomy":"post_tag","embeddable":true,"href":"http:\/\/fmdelpueblo.ar\/index.php?rest_route=%2Fwp%2Fv2%2Ftags&post=226"}],"curies":[{"name":"wp","href":"https:\/\/api.w.org\/{rel}","templated":true}]}}