{"id":221,"date":"2021-10-27T12:12:38","date_gmt":"2021-10-27T12:12:38","guid":{"rendered":"https:\/\/fmdelpueblo.ar\/?p=221"},"modified":"2021-10-27T12:12:38","modified_gmt":"2021-10-27T12:12:38","slug":"diputados-dio-media-sancion-al-proyecto-de-alivio-fiscal-para-entidades-minipymes-y-monotributistas","status":"publish","type":"post","link":"http:\/\/fmdelpueblo.ar\/?p=221","title":{"rendered":"Diputados dio media sanci\u00f3n al proyecto de alivio fiscal para entidades, minipymes y monotributistas"},"content":{"rendered":"<\/p>\n<p>La iniciativa, que busca favorecer a la mayor cantidad de los contribuyentes m\u00e1s afectados con el menor costo fiscal posible, principalmente clubes de barrio, bibliotecas, cuarteles de bomberos, ONGs y sociedades de fomento, recibi\u00f3 media sanci\u00f3n por unanimidad y ahora fue girada al Senado. <a href=\"https:\/\/www.perfil.com\/noticias\/actualidad\/diputados-dio-media-sancion-al-proyecto-de-alivio-fiscal-para-entidades-minipymes-y-monotributistas.phtml\">Leer m\u00e1s<\/a><\/p>\n","protected":false},"excerpt":{"rendered":"<p>La iniciativa, que busca favorecer a la mayor cantidad de los contribuyentes m\u00e1s afectados con el menor costo fiscal posible, principalmente clubes de barrio, bibliotecas, cuarteles de bomberos, ONGs y sociedades de fomento, recibi\u00f3 media sanci\u00f3n por unanimidad y ahora fue girada al Senado. Leer m\u00e1s<\/p>\n","protected":false},"author":0,"featured_media":0,"comment_status":"","ping_status":"","sticky":false,"template":"","format":"standard","meta":{"footnotes":""},"categories":[1],"tags":[],"class_list":["post-221","post","type-post","status-publish","format-standard","hentry","category-sin-categoria"],"_links":{"self":[{"href":"http:\/\/fmdelpueblo.ar\/index.php?rest_route=\/wp\/v2\/posts\/221","targetHints":{"allow":["GET"]}}],"collection":[{"href":"http:\/\/fmdelpueblo.ar\/index.php?rest_route=\/wp\/v2\/posts"}],"about":[{"href":"http:\/\/fmdelpueblo.ar\/index.php?rest_route=\/wp\/v2\/types\/post"}],"replies":[{"embeddable":true,"href":"http:\/\/fmdelpueblo.ar\/index.php?rest_route=%2Fwp%2Fv2%2Fcomments&post=221"}],"version-history":[{"count":0,"href":"http:\/\/fmdelpueblo.ar\/index.php?rest_route=\/wp\/v2\/posts\/221\/revisions"}],"wp:attachment":[{"href":"http:\/\/fmdelpueblo.ar\/index.php?rest_route=%2Fwp%2Fv2%2Fmedia&parent=221"}],"wp:term":[{"taxonomy":"category","embeddable":true,"href":"http:\/\/fmdelpueblo.ar\/index.php?rest_route=%2Fwp%2Fv2%2Fcategories&post=221"},{"taxonomy":"post_tag","embeddable":true,"href":"http:\/\/fmdelpueblo.ar\/index.php?rest_route=%2Fwp%2Fv2%2Ftags&post=221"}],"curies":[{"name":"wp","href":"https:\/\/api.w.org\/{rel}","templated":true}]}}