{"id":220,"date":"2021-10-27T11:09:52","date_gmt":"2021-10-27T11:09:52","guid":{"rendered":"https:\/\/fmdelpueblo.ar\/?p=220"},"modified":"2021-10-27T11:09:52","modified_gmt":"2021-10-27T11:09:52","slug":"luis-juez-el-control-de-precios-es-una-medida-condenada-al-fracaso","status":"publish","type":"post","link":"http:\/\/fmdelpueblo.ar\/?p=220","title":{"rendered":"Luis Juez: \u00abEl control de precios es una medida condenada al fracaso\u00bb"},"content":{"rendered":"<\/p>\n<p>El candidato a senador nacional de Juntos se refiri\u00f3 a la iniciativa que comenz\u00f3 a implementarse desde el fin de semana pasado y pronostic\u00f3 que cuando haya \u201cun desabastecimiento, van a echar culpas a la oposici\u00f3n\u201d. <a href=\"https:\/\/www.perfil.com\/noticias\/politica\/luis-juez-el-control-de-precios-es-una-medida-condenada-al-fracaso.phtml\">Leer m\u00e1s<\/a><\/p>\n","protected":false},"excerpt":{"rendered":"<p>El candidato a senador nacional de Juntos se refiri\u00f3 a la iniciativa que comenz\u00f3 a implementarse desde el fin de semana pasado y pronostic\u00f3 que cuando haya \u201cun desabastecimiento, van a echar culpas a la oposici\u00f3n\u201d. Leer m\u00e1s<\/p>\n","protected":false},"author":0,"featured_media":0,"comment_status":"","ping_status":"","sticky":false,"template":"","format":"standard","meta":{"footnotes":""},"categories":[1],"tags":[],"class_list":["post-220","post","type-post","status-publish","format-standard","hentry","category-sin-categoria"],"_links":{"self":[{"href":"http:\/\/fmdelpueblo.ar\/index.php?rest_route=\/wp\/v2\/posts\/220","targetHints":{"allow":["GET"]}}],"collection":[{"href":"http:\/\/fmdelpueblo.ar\/index.php?rest_route=\/wp\/v2\/posts"}],"about":[{"href":"http:\/\/fmdelpueblo.ar\/index.php?rest_route=\/wp\/v2\/types\/post"}],"replies":[{"embeddable":true,"href":"http:\/\/fmdelpueblo.ar\/index.php?rest_route=%2Fwp%2Fv2%2Fcomments&post=220"}],"version-history":[{"count":0,"href":"http:\/\/fmdelpueblo.ar\/index.php?rest_route=\/wp\/v2\/posts\/220\/revisions"}],"wp:attachment":[{"href":"http:\/\/fmdelpueblo.ar\/index.php?rest_route=%2Fwp%2Fv2%2Fmedia&parent=220"}],"wp:term":[{"taxonomy":"category","embeddable":true,"href":"http:\/\/fmdelpueblo.ar\/index.php?rest_route=%2Fwp%2Fv2%2Fcategories&post=220"},{"taxonomy":"post_tag","embeddable":true,"href":"http:\/\/fmdelpueblo.ar\/index.php?rest_route=%2Fwp%2Fv2%2Ftags&post=220"}],"curies":[{"name":"wp","href":"https:\/\/api.w.org\/{rel}","templated":true}]}}