{"id":219,"date":"2021-10-27T11:09:52","date_gmt":"2021-10-27T11:09:52","guid":{"rendered":"https:\/\/fmdelpueblo.ar\/?p=219"},"modified":"2021-10-27T11:09:52","modified_gmt":"2021-10-27T11:09:52","slug":"valeria-carreras-abogada-de-familiares-del-ara-san-juan-macri-le-solto-la-mano-a-arribas-y-majdalani","status":"publish","type":"post","link":"http:\/\/fmdelpueblo.ar\/?p=219","title":{"rendered":"Valeria Carreras, abogada de familiares del ARA San Juan: \u00abMacri le solt\u00f3 la mano a Arribas y Majdalani\u00bb"},"content":{"rendered":"<\/p>\n<p>La representante legal de 24 familias del submarino desaparecido revel\u00f3 detalles de la causa y pidi\u00f3 que la gente no vaya a Dolores para no intimidar al juez Mart\u00edn Bava. <a href=\"https:\/\/www.perfil.com\/noticias\/actualidad\/valeria-carreras-abogada-familiares-ara-san-juan-macri-le-solto-la-mano-a-arribas-y-majdalani.phtml\">Leer m\u00e1s<\/a><\/p>\n","protected":false},"excerpt":{"rendered":"<p>La representante legal de 24 familias del submarino desaparecido revel\u00f3 detalles de la causa y pidi\u00f3 que la gente no vaya a Dolores para no intimidar al juez Mart\u00edn Bava. Leer m\u00e1s<\/p>\n","protected":false},"author":0,"featured_media":0,"comment_status":"","ping_status":"","sticky":false,"template":"","format":"standard","meta":{"footnotes":""},"categories":[1],"tags":[],"class_list":["post-219","post","type-post","status-publish","format-standard","hentry","category-sin-categoria"],"_links":{"self":[{"href":"http:\/\/fmdelpueblo.ar\/index.php?rest_route=\/wp\/v2\/posts\/219","targetHints":{"allow":["GET"]}}],"collection":[{"href":"http:\/\/fmdelpueblo.ar\/index.php?rest_route=\/wp\/v2\/posts"}],"about":[{"href":"http:\/\/fmdelpueblo.ar\/index.php?rest_route=\/wp\/v2\/types\/post"}],"replies":[{"embeddable":true,"href":"http:\/\/fmdelpueblo.ar\/index.php?rest_route=%2Fwp%2Fv2%2Fcomments&post=219"}],"version-history":[{"count":0,"href":"http:\/\/fmdelpueblo.ar\/index.php?rest_route=\/wp\/v2\/posts\/219\/revisions"}],"wp:attachment":[{"href":"http:\/\/fmdelpueblo.ar\/index.php?rest_route=%2Fwp%2Fv2%2Fmedia&parent=219"}],"wp:term":[{"taxonomy":"category","embeddable":true,"href":"http:\/\/fmdelpueblo.ar\/index.php?rest_route=%2Fwp%2Fv2%2Fcategories&post=219"},{"taxonomy":"post_tag","embeddable":true,"href":"http:\/\/fmdelpueblo.ar\/index.php?rest_route=%2Fwp%2Fv2%2Ftags&post=219"}],"curies":[{"name":"wp","href":"https:\/\/api.w.org\/{rel}","templated":true}]}}