{"id":218,"date":"2021-10-27T11:09:52","date_gmt":"2021-10-27T11:09:52","guid":{"rendered":"https:\/\/fmdelpueblo.ar\/?p=218"},"modified":"2021-10-27T11:09:52","modified_gmt":"2021-10-27T11:09:52","slug":"el-abogado-de-el-hombre-gato-dijo-que-se-trata-de-una-persona-con-discapacidad-mental","status":"publish","type":"post","link":"http:\/\/fmdelpueblo.ar\/?p=218","title":{"rendered":"El abogado de \u201cel hombre gato\u201d dijo que se trata de \u201cuna persona con discapacidad mental\u201d"},"content":{"rendered":"<\/p>\n<p>El letrado explic\u00f3 que su cliente \u201cma\u00falla\u201d cuando es expuesto a situaciones estresantes. El acusado est\u00e1 siendo juzgado por el asesinato de su madre y su t\u00eda. <a href=\"https:\/\/www.perfil.com\/noticias\/actualidad\/el-abogado-de-el-hombre-gato-dijo-que-se-trata-de-una-persona-con-discapacidad-mental.phtml\">Leer m\u00e1s<\/a><\/p>\n","protected":false},"excerpt":{"rendered":"<p>El letrado explic\u00f3 que su cliente \u201cma\u00falla\u201d cuando es expuesto a situaciones estresantes. El acusado est\u00e1 siendo juzgado por el asesinato de su madre y su t\u00eda. Leer m\u00e1s<\/p>\n","protected":false},"author":0,"featured_media":0,"comment_status":"","ping_status":"","sticky":false,"template":"","format":"standard","meta":{"footnotes":""},"categories":[1],"tags":[],"class_list":["post-218","post","type-post","status-publish","format-standard","hentry","category-sin-categoria"],"_links":{"self":[{"href":"http:\/\/fmdelpueblo.ar\/index.php?rest_route=\/wp\/v2\/posts\/218","targetHints":{"allow":["GET"]}}],"collection":[{"href":"http:\/\/fmdelpueblo.ar\/index.php?rest_route=\/wp\/v2\/posts"}],"about":[{"href":"http:\/\/fmdelpueblo.ar\/index.php?rest_route=\/wp\/v2\/types\/post"}],"replies":[{"embeddable":true,"href":"http:\/\/fmdelpueblo.ar\/index.php?rest_route=%2Fwp%2Fv2%2Fcomments&post=218"}],"version-history":[{"count":0,"href":"http:\/\/fmdelpueblo.ar\/index.php?rest_route=\/wp\/v2\/posts\/218\/revisions"}],"wp:attachment":[{"href":"http:\/\/fmdelpueblo.ar\/index.php?rest_route=%2Fwp%2Fv2%2Fmedia&parent=218"}],"wp:term":[{"taxonomy":"category","embeddable":true,"href":"http:\/\/fmdelpueblo.ar\/index.php?rest_route=%2Fwp%2Fv2%2Fcategories&post=218"},{"taxonomy":"post_tag","embeddable":true,"href":"http:\/\/fmdelpueblo.ar\/index.php?rest_route=%2Fwp%2Fv2%2Ftags&post=218"}],"curies":[{"name":"wp","href":"https:\/\/api.w.org\/{rel}","templated":true}]}}