{"id":212,"date":"2021-10-27T06:16:52","date_gmt":"2021-10-27T06:16:52","guid":{"rendered":"https:\/\/fmdelpueblo.ar\/?p=212"},"modified":"2021-10-27T06:16:52","modified_gmt":"2021-10-27T06:16:52","slug":"una-revista-alemana-nombro-al-papa-francisco-el-hombre-vivo-mas-sexista-de-2021","status":"publish","type":"post","link":"http:\/\/fmdelpueblo.ar\/?p=212","title":{"rendered":"Una revista alemana nombr\u00f3 al Papa Francisco el \u00abhombre vivo m\u00e1s sexista de 2021\u00bb"},"content":{"rendered":"<\/p>\n<p>Emma, una publicaci\u00f3n feminista, afirm\u00f3 que el Sumo Pont\u00edfice conduce un \u00absistema de apartheid donde las mujeres son de segunda clase\u00bb. <a href=\"https:\/\/www.perfil.com\/noticias\/internacional\/emma-revista-alemana-nombro-papa-francisco-el-hombre-vivo-mas-sexista-de-2021.phtml\">Leer m\u00e1s<\/a><\/p>\n","protected":false},"excerpt":{"rendered":"<p>Emma, una publicaci\u00f3n feminista, afirm\u00f3 que el Sumo Pont\u00edfice conduce un \u00absistema de apartheid donde las mujeres son de segunda clase\u00bb. Leer m\u00e1s<\/p>\n","protected":false},"author":0,"featured_media":0,"comment_status":"","ping_status":"","sticky":false,"template":"","format":"standard","meta":{"footnotes":""},"categories":[1],"tags":[],"class_list":["post-212","post","type-post","status-publish","format-standard","hentry","category-sin-categoria"],"_links":{"self":[{"href":"http:\/\/fmdelpueblo.ar\/index.php?rest_route=\/wp\/v2\/posts\/212","targetHints":{"allow":["GET"]}}],"collection":[{"href":"http:\/\/fmdelpueblo.ar\/index.php?rest_route=\/wp\/v2\/posts"}],"about":[{"href":"http:\/\/fmdelpueblo.ar\/index.php?rest_route=\/wp\/v2\/types\/post"}],"replies":[{"embeddable":true,"href":"http:\/\/fmdelpueblo.ar\/index.php?rest_route=%2Fwp%2Fv2%2Fcomments&post=212"}],"version-history":[{"count":0,"href":"http:\/\/fmdelpueblo.ar\/index.php?rest_route=\/wp\/v2\/posts\/212\/revisions"}],"wp:attachment":[{"href":"http:\/\/fmdelpueblo.ar\/index.php?rest_route=%2Fwp%2Fv2%2Fmedia&parent=212"}],"wp:term":[{"taxonomy":"category","embeddable":true,"href":"http:\/\/fmdelpueblo.ar\/index.php?rest_route=%2Fwp%2Fv2%2Fcategories&post=212"},{"taxonomy":"post_tag","embeddable":true,"href":"http:\/\/fmdelpueblo.ar\/index.php?rest_route=%2Fwp%2Fv2%2Ftags&post=212"}],"curies":[{"name":"wp","href":"https:\/\/api.w.org\/{rel}","templated":true}]}}