{"id":210,"date":"2021-10-27T05:13:00","date_gmt":"2021-10-27T05:13:00","guid":{"rendered":"https:\/\/fmdelpueblo.ar\/?p=210"},"modified":"2021-10-27T05:13:00","modified_gmt":"2021-10-27T05:13:00","slug":"claudio-moroni-perdimos-mas-empleos-con-mauricio-macri-que-con-la-pandemia","status":"publish","type":"post","link":"http:\/\/fmdelpueblo.ar\/?p=210","title":{"rendered":"Claudio Moroni: \u00abPerdimos m\u00e1s empleos con Mauricio Macri que con la pandemia\u00bb"},"content":{"rendered":"<\/p>\n<p>El ministro de Trabajo descart\u00f3 una\u00a0reforma laboral, defendi\u00f3 la\u00a0indemnizaci\u00f3n por despido y tambi\u00e9n afirm\u00f3 que\u00a0\u00abla industria est\u00e1 volando\u00bb en referencia a la recuperaci\u00f3n econ\u00f3mica. Qu\u00e9 dijo del control de precios. <a href=\"https:\/\/www.perfil.com\/noticias\/economia\/claudio-moroni-perdimos-mas-empleos-con-mauricio-macri-que-con-la-pandemia.phtml\">Leer m\u00e1s<\/a><\/p>\n","protected":false},"excerpt":{"rendered":"<p>El ministro de Trabajo descart\u00f3 una\u00a0reforma laboral, defendi\u00f3 la\u00a0indemnizaci\u00f3n por despido y tambi\u00e9n afirm\u00f3 que\u00a0\u00abla industria est\u00e1 volando\u00bb en referencia a la recuperaci\u00f3n econ\u00f3mica. Qu\u00e9 dijo del control de precios. Leer m\u00e1s<\/p>\n","protected":false},"author":0,"featured_media":0,"comment_status":"","ping_status":"","sticky":false,"template":"","format":"standard","meta":{"footnotes":""},"categories":[1],"tags":[],"class_list":["post-210","post","type-post","status-publish","format-standard","hentry","category-sin-categoria"],"_links":{"self":[{"href":"http:\/\/fmdelpueblo.ar\/index.php?rest_route=\/wp\/v2\/posts\/210","targetHints":{"allow":["GET"]}}],"collection":[{"href":"http:\/\/fmdelpueblo.ar\/index.php?rest_route=\/wp\/v2\/posts"}],"about":[{"href":"http:\/\/fmdelpueblo.ar\/index.php?rest_route=\/wp\/v2\/types\/post"}],"replies":[{"embeddable":true,"href":"http:\/\/fmdelpueblo.ar\/index.php?rest_route=%2Fwp%2Fv2%2Fcomments&post=210"}],"version-history":[{"count":0,"href":"http:\/\/fmdelpueblo.ar\/index.php?rest_route=\/wp\/v2\/posts\/210\/revisions"}],"wp:attachment":[{"href":"http:\/\/fmdelpueblo.ar\/index.php?rest_route=%2Fwp%2Fv2%2Fmedia&parent=210"}],"wp:term":[{"taxonomy":"category","embeddable":true,"href":"http:\/\/fmdelpueblo.ar\/index.php?rest_route=%2Fwp%2Fv2%2Fcategories&post=210"},{"taxonomy":"post_tag","embeddable":true,"href":"http:\/\/fmdelpueblo.ar\/index.php?rest_route=%2Fwp%2Fv2%2Ftags&post=210"}],"curies":[{"name":"wp","href":"https:\/\/api.w.org\/{rel}","templated":true}]}}