{"id":208,"date":"2021-10-27T04:09:57","date_gmt":"2021-10-27T04:09:57","guid":{"rendered":"https:\/\/fmdelpueblo.ar\/?p=208"},"modified":"2021-10-27T04:09:57","modified_gmt":"2021-10-27T04:09:57","slug":"de-chocotortas-a-choripanes-los-cruces-del-debate-por-el-etiquetado-frontal","status":"publish","type":"post","link":"http:\/\/fmdelpueblo.ar\/?p=208","title":{"rendered":"De chocotortas a choripanes: los cruces del debate por el Etiquetado Frontal"},"content":{"rendered":"<\/p>\n<p>Jos\u00e9 Luis Pati\u00f1o, Ingrid Jetter y Roberto Tailhade protagonizaron episodios de tensi\u00f3n en el reciento, durante el tratamiento de la iniciativa que busca promover la alimentaci\u00f3n saludable. <a href=\"https:\/\/www.perfil.com\/noticias\/politica\/de-chocotortas-a-choripanes-cruces-debate-ley-etiquetado-frontal.phtml\">Leer m\u00e1s<\/a><\/p>\n","protected":false},"excerpt":{"rendered":"<p>Jos\u00e9 Luis Pati\u00f1o, Ingrid Jetter y Roberto Tailhade protagonizaron episodios de tensi\u00f3n en el reciento, durante el tratamiento de la iniciativa que busca promover la alimentaci\u00f3n saludable. Leer m\u00e1s<\/p>\n","protected":false},"author":0,"featured_media":0,"comment_status":"","ping_status":"","sticky":false,"template":"","format":"standard","meta":{"footnotes":""},"categories":[1],"tags":[],"class_list":["post-208","post","type-post","status-publish","format-standard","hentry","category-sin-categoria"],"_links":{"self":[{"href":"http:\/\/fmdelpueblo.ar\/index.php?rest_route=\/wp\/v2\/posts\/208","targetHints":{"allow":["GET"]}}],"collection":[{"href":"http:\/\/fmdelpueblo.ar\/index.php?rest_route=\/wp\/v2\/posts"}],"about":[{"href":"http:\/\/fmdelpueblo.ar\/index.php?rest_route=\/wp\/v2\/types\/post"}],"replies":[{"embeddable":true,"href":"http:\/\/fmdelpueblo.ar\/index.php?rest_route=%2Fwp%2Fv2%2Fcomments&post=208"}],"version-history":[{"count":0,"href":"http:\/\/fmdelpueblo.ar\/index.php?rest_route=\/wp\/v2\/posts\/208\/revisions"}],"wp:attachment":[{"href":"http:\/\/fmdelpueblo.ar\/index.php?rest_route=%2Fwp%2Fv2%2Fmedia&parent=208"}],"wp:term":[{"taxonomy":"category","embeddable":true,"href":"http:\/\/fmdelpueblo.ar\/index.php?rest_route=%2Fwp%2Fv2%2Fcategories&post=208"},{"taxonomy":"post_tag","embeddable":true,"href":"http:\/\/fmdelpueblo.ar\/index.php?rest_route=%2Fwp%2Fv2%2Ftags&post=208"}],"curies":[{"name":"wp","href":"https:\/\/api.w.org\/{rel}","templated":true}]}}