{"id":207,"date":"2021-10-27T04:09:57","date_gmt":"2021-10-27T04:09:57","guid":{"rendered":"https:\/\/fmdelpueblo.ar\/?p=207"},"modified":"2021-10-27T04:09:57","modified_gmt":"2021-10-27T04:09:57","slug":"diputados-dio-media-sancion-y-aprobo-la-ley-de-etiquetado-frontal-de-alimentos","status":"publish","type":"post","link":"http:\/\/fmdelpueblo.ar\/?p=207","title":{"rendered":"Diputados dio media sanci\u00f3n y aprob\u00f3 la ley de Etiquetado Frontal de Alimentos"},"content":{"rendered":"<\/p>\n<p>La C\u00e1mara baja aprob\u00f3 la iniciativa que busca promover\u00a0la alimentaci\u00f3n saludable, etiquetado informativo y visible y prohibici\u00f3n de publicidad de bebidas analcoh\u00f3licas. <a href=\"https:\/\/www.perfil.com\/noticias\/actualidad\/diputados-dio-media-sancion-ley-etiquetado-frontal-alimentos.phtml\">Leer m\u00e1s<\/a><\/p>\n","protected":false},"excerpt":{"rendered":"<p>La C\u00e1mara baja aprob\u00f3 la iniciativa que busca promover\u00a0la alimentaci\u00f3n saludable, etiquetado informativo y visible y prohibici\u00f3n de publicidad de bebidas analcoh\u00f3licas. Leer m\u00e1s<\/p>\n","protected":false},"author":0,"featured_media":0,"comment_status":"","ping_status":"","sticky":false,"template":"","format":"standard","meta":{"footnotes":""},"categories":[1],"tags":[],"class_list":["post-207","post","type-post","status-publish","format-standard","hentry","category-sin-categoria"],"_links":{"self":[{"href":"http:\/\/fmdelpueblo.ar\/index.php?rest_route=\/wp\/v2\/posts\/207","targetHints":{"allow":["GET"]}}],"collection":[{"href":"http:\/\/fmdelpueblo.ar\/index.php?rest_route=\/wp\/v2\/posts"}],"about":[{"href":"http:\/\/fmdelpueblo.ar\/index.php?rest_route=\/wp\/v2\/types\/post"}],"replies":[{"embeddable":true,"href":"http:\/\/fmdelpueblo.ar\/index.php?rest_route=%2Fwp%2Fv2%2Fcomments&post=207"}],"version-history":[{"count":0,"href":"http:\/\/fmdelpueblo.ar\/index.php?rest_route=\/wp\/v2\/posts\/207\/revisions"}],"wp:attachment":[{"href":"http:\/\/fmdelpueblo.ar\/index.php?rest_route=%2Fwp%2Fv2%2Fmedia&parent=207"}],"wp:term":[{"taxonomy":"category","embeddable":true,"href":"http:\/\/fmdelpueblo.ar\/index.php?rest_route=%2Fwp%2Fv2%2Fcategories&post=207"},{"taxonomy":"post_tag","embeddable":true,"href":"http:\/\/fmdelpueblo.ar\/index.php?rest_route=%2Fwp%2Fv2%2Ftags&post=207"}],"curies":[{"name":"wp","href":"https:\/\/api.w.org\/{rel}","templated":true}]}}