{"id":205,"date":"2021-10-27T04:09:56","date_gmt":"2021-10-27T04:09:56","guid":{"rendered":"https:\/\/fmdelpueblo.ar\/?p=205"},"modified":"2021-10-27T04:09:56","modified_gmt":"2021-10-27T04:09:56","slug":"anses-no-apelo-y-cristina-kirchner-seguira-cobrando-doble-pension-por-25-millones-mensuales","status":"publish","type":"post","link":"http:\/\/fmdelpueblo.ar\/?p=205","title":{"rendered":"Anses no apel\u00f3 y Cristina Kirchner seguir\u00e1 cobrando doble pensi\u00f3n por $ 2,5 millones mensuales"},"content":{"rendered":"<\/p>\n<p>El organismo de seguridad social desisti\u00f3 de apelar el fallo que orden\u00f3 devolverle la doble pensi\u00f3n a la vicepresidenta. <a href=\"https:\/\/www.perfil.com\/noticias\/politica\/anses-no-apelo-cristina-kirchner-seguira-cobrando-doble-pension.phtml\">Leer m\u00e1s<\/a><\/p>\n","protected":false},"excerpt":{"rendered":"<p>El organismo de seguridad social desisti\u00f3 de apelar el fallo que orden\u00f3 devolverle la doble pensi\u00f3n a la vicepresidenta. Leer m\u00e1s<\/p>\n","protected":false},"author":0,"featured_media":0,"comment_status":"","ping_status":"","sticky":false,"template":"","format":"standard","meta":{"footnotes":""},"categories":[1],"tags":[],"class_list":["post-205","post","type-post","status-publish","format-standard","hentry","category-sin-categoria"],"_links":{"self":[{"href":"http:\/\/fmdelpueblo.ar\/index.php?rest_route=\/wp\/v2\/posts\/205","targetHints":{"allow":["GET"]}}],"collection":[{"href":"http:\/\/fmdelpueblo.ar\/index.php?rest_route=\/wp\/v2\/posts"}],"about":[{"href":"http:\/\/fmdelpueblo.ar\/index.php?rest_route=\/wp\/v2\/types\/post"}],"replies":[{"embeddable":true,"href":"http:\/\/fmdelpueblo.ar\/index.php?rest_route=%2Fwp%2Fv2%2Fcomments&post=205"}],"version-history":[{"count":0,"href":"http:\/\/fmdelpueblo.ar\/index.php?rest_route=\/wp\/v2\/posts\/205\/revisions"}],"wp:attachment":[{"href":"http:\/\/fmdelpueblo.ar\/index.php?rest_route=%2Fwp%2Fv2%2Fmedia&parent=205"}],"wp:term":[{"taxonomy":"category","embeddable":true,"href":"http:\/\/fmdelpueblo.ar\/index.php?rest_route=%2Fwp%2Fv2%2Fcategories&post=205"},{"taxonomy":"post_tag","embeddable":true,"href":"http:\/\/fmdelpueblo.ar\/index.php?rest_route=%2Fwp%2Fv2%2Ftags&post=205"}],"curies":[{"name":"wp","href":"https:\/\/api.w.org\/{rel}","templated":true}]}}