{"id":204,"date":"2021-10-27T02:17:35","date_gmt":"2021-10-27T02:17:35","guid":{"rendered":"https:\/\/fmdelpueblo.ar\/?p=204"},"modified":"2021-10-27T02:17:35","modified_gmt":"2021-10-27T02:17:35","slug":"femicidio-en-parana-su-pareja-la-habria-asesinado","status":"publish","type":"post","link":"http:\/\/fmdelpueblo.ar\/?p=204","title":{"rendered":"Femicidio en Paran\u00e1: su pareja la habr\u00eda asesinado"},"content":{"rendered":"<\/p>\n<p>La v\u00edctima fue identificada por la polic\u00eda como Noem\u00ed Guadalupe Suarez, de 51 a\u00f1os, quien se desempe\u00f1aba como docente. A ra\u00edz del presunto femicidio fue detenido Oscar Bertuni, de 54 a\u00f1os, quien era pareja de la v\u00edctima. <a href=\"https:\/\/www.perfil.com\/noticias\/reperfilar\/femicidio-en-parana-su-pareja-la-habria-asesinado.phtml\">Leer m\u00e1s<\/a><\/p>\n","protected":false},"excerpt":{"rendered":"<p>La v\u00edctima fue identificada por la polic\u00eda como Noem\u00ed Guadalupe Suarez, de 51 a\u00f1os, quien se desempe\u00f1aba como docente. A ra\u00edz del presunto femicidio fue detenido Oscar Bertuni, de 54 a\u00f1os, quien era pareja de la v\u00edctima. Leer m\u00e1s<\/p>\n","protected":false},"author":0,"featured_media":0,"comment_status":"","ping_status":"","sticky":false,"template":"","format":"standard","meta":{"footnotes":""},"categories":[1],"tags":[],"class_list":["post-204","post","type-post","status-publish","format-standard","hentry","category-sin-categoria"],"_links":{"self":[{"href":"http:\/\/fmdelpueblo.ar\/index.php?rest_route=\/wp\/v2\/posts\/204","targetHints":{"allow":["GET"]}}],"collection":[{"href":"http:\/\/fmdelpueblo.ar\/index.php?rest_route=\/wp\/v2\/posts"}],"about":[{"href":"http:\/\/fmdelpueblo.ar\/index.php?rest_route=\/wp\/v2\/types\/post"}],"replies":[{"embeddable":true,"href":"http:\/\/fmdelpueblo.ar\/index.php?rest_route=%2Fwp%2Fv2%2Fcomments&post=204"}],"version-history":[{"count":0,"href":"http:\/\/fmdelpueblo.ar\/index.php?rest_route=\/wp\/v2\/posts\/204\/revisions"}],"wp:attachment":[{"href":"http:\/\/fmdelpueblo.ar\/index.php?rest_route=%2Fwp%2Fv2%2Fmedia&parent=204"}],"wp:term":[{"taxonomy":"category","embeddable":true,"href":"http:\/\/fmdelpueblo.ar\/index.php?rest_route=%2Fwp%2Fv2%2Fcategories&post=204"},{"taxonomy":"post_tag","embeddable":true,"href":"http:\/\/fmdelpueblo.ar\/index.php?rest_route=%2Fwp%2Fv2%2Ftags&post=204"}],"curies":[{"name":"wp","href":"https:\/\/api.w.org\/{rel}","templated":true}]}}