{"id":197,"date":"2021-10-27T01:13:09","date_gmt":"2021-10-27T01:13:09","guid":{"rendered":"https:\/\/fmdelpueblo.ar\/?p=197"},"modified":"2021-10-27T01:13:09","modified_gmt":"2021-10-27T01:13:09","slug":"es-un-serial-killer-el-senado-de-brasil-inculpo-a-bolsonaro-por-crimenes-de-lesa-humanidad","status":"publish","type":"post","link":"http:\/\/fmdelpueblo.ar\/?p=197","title":{"rendered":"\u00abEs un serial killer\u00bb: el Senado de Brasil inculp\u00f3 a Bolsonaro por cr\u00edmenes de lesa humanidad"},"content":{"rendered":"<\/p>\n<p>Entre los delitos atribuidos al presidente figuran cr\u00edmenes contra la humanidad, delito por favorecer una epidemia que result\u00f3 en muerte, prevaricaci\u00f3n y diseminaci\u00f3n de informaciones falsas sobre el virus. <a href=\"https:\/\/www.perfil.com\/noticias\/internacional\/brasil-el-senado-acepto-inculpar-a-bolsonaro-por-crimenes-de-lesa-humanidad-en-pandemia.phtml\">Leer m\u00e1s<\/a><\/p>\n","protected":false},"excerpt":{"rendered":"<p>Entre los delitos atribuidos al presidente figuran cr\u00edmenes contra la humanidad, delito por favorecer una epidemia que result\u00f3 en muerte, prevaricaci\u00f3n y diseminaci\u00f3n de informaciones falsas sobre el virus. Leer m\u00e1s<\/p>\n","protected":false},"author":0,"featured_media":0,"comment_status":"","ping_status":"","sticky":false,"template":"","format":"standard","meta":{"footnotes":""},"categories":[1],"tags":[],"class_list":["post-197","post","type-post","status-publish","format-standard","hentry","category-sin-categoria"],"_links":{"self":[{"href":"http:\/\/fmdelpueblo.ar\/index.php?rest_route=\/wp\/v2\/posts\/197","targetHints":{"allow":["GET"]}}],"collection":[{"href":"http:\/\/fmdelpueblo.ar\/index.php?rest_route=\/wp\/v2\/posts"}],"about":[{"href":"http:\/\/fmdelpueblo.ar\/index.php?rest_route=\/wp\/v2\/types\/post"}],"replies":[{"embeddable":true,"href":"http:\/\/fmdelpueblo.ar\/index.php?rest_route=%2Fwp%2Fv2%2Fcomments&post=197"}],"version-history":[{"count":0,"href":"http:\/\/fmdelpueblo.ar\/index.php?rest_route=\/wp\/v2\/posts\/197\/revisions"}],"wp:attachment":[{"href":"http:\/\/fmdelpueblo.ar\/index.php?rest_route=%2Fwp%2Fv2%2Fmedia&parent=197"}],"wp:term":[{"taxonomy":"category","embeddable":true,"href":"http:\/\/fmdelpueblo.ar\/index.php?rest_route=%2Fwp%2Fv2%2Fcategories&post=197"},{"taxonomy":"post_tag","embeddable":true,"href":"http:\/\/fmdelpueblo.ar\/index.php?rest_route=%2Fwp%2Fv2%2Ftags&post=197"}],"curies":[{"name":"wp","href":"https:\/\/api.w.org\/{rel}","templated":true}]}}