{"id":196,"date":"2021-10-27T01:13:09","date_gmt":"2021-10-27T01:13:09","guid":{"rendered":"https:\/\/fmdelpueblo.ar\/?p=196"},"modified":"2021-10-27T01:13:09","modified_gmt":"2021-10-27T01:13:09","slug":"sergio-berni-convoco-a-policias-bonaerenses-retirados-a-luchar-contra-la-inseguridad","status":"publish","type":"post","link":"http:\/\/fmdelpueblo.ar\/?p=196","title":{"rendered":"Sergio Berni convoc\u00f3 a polic\u00edas bonaerenses retirados a luchar contra la inseguridad"},"content":{"rendered":"<\/p>\n<p>Tras declararse la \u00abemergencia en materia de seguridad en la Provincia\u00bb, se facult\u00f3 al ministro de Seguridad bonaerense para solicitar el retorno de \u00abefectivos pertenecientes al escalaf\u00f3n Suboficiales y Tropa, al escalaf\u00f3n \u00danico y al subescalaf\u00f3n General\u00bb.  <a href=\"https:\/\/www.perfil.com\/noticias\/actualidad\/sergio-berni-convoco-policias-bonaerenses-retirados-a-luchar-contra-inseguridad.phtml\">Leer m\u00e1s<\/a><\/p>\n","protected":false},"excerpt":{"rendered":"<p>Tras declararse la \u00abemergencia en materia de seguridad en la Provincia\u00bb, se facult\u00f3 al ministro de Seguridad bonaerense para solicitar el retorno de \u00abefectivos pertenecientes al escalaf\u00f3n Suboficiales y Tropa, al escalaf\u00f3n \u00danico y al subescalaf\u00f3n General\u00bb. Leer m\u00e1s<\/p>\n","protected":false},"author":0,"featured_media":0,"comment_status":"","ping_status":"","sticky":false,"template":"","format":"standard","meta":{"footnotes":""},"categories":[1],"tags":[],"class_list":["post-196","post","type-post","status-publish","format-standard","hentry","category-sin-categoria"],"_links":{"self":[{"href":"http:\/\/fmdelpueblo.ar\/index.php?rest_route=\/wp\/v2\/posts\/196","targetHints":{"allow":["GET"]}}],"collection":[{"href":"http:\/\/fmdelpueblo.ar\/index.php?rest_route=\/wp\/v2\/posts"}],"about":[{"href":"http:\/\/fmdelpueblo.ar\/index.php?rest_route=\/wp\/v2\/types\/post"}],"replies":[{"embeddable":true,"href":"http:\/\/fmdelpueblo.ar\/index.php?rest_route=%2Fwp%2Fv2%2Fcomments&post=196"}],"version-history":[{"count":0,"href":"http:\/\/fmdelpueblo.ar\/index.php?rest_route=\/wp\/v2\/posts\/196\/revisions"}],"wp:attachment":[{"href":"http:\/\/fmdelpueblo.ar\/index.php?rest_route=%2Fwp%2Fv2%2Fmedia&parent=196"}],"wp:term":[{"taxonomy":"category","embeddable":true,"href":"http:\/\/fmdelpueblo.ar\/index.php?rest_route=%2Fwp%2Fv2%2Fcategories&post=196"},{"taxonomy":"post_tag","embeddable":true,"href":"http:\/\/fmdelpueblo.ar\/index.php?rest_route=%2Fwp%2Fv2%2Ftags&post=196"}],"curies":[{"name":"wp","href":"https:\/\/api.w.org\/{rel}","templated":true}]}}