{"id":193,"date":"2021-10-27T00:10:43","date_gmt":"2021-10-27T00:10:43","guid":{"rendered":"https:\/\/fmdelpueblo.ar\/?p=193"},"modified":"2021-10-27T00:10:43","modified_gmt":"2021-10-27T00:10:43","slug":"kristalina-georgieva-otra-vez-en-problemas-sus-empleados-le-piden-explicaciones-sobre-brasil","status":"publish","type":"post","link":"http:\/\/fmdelpueblo.ar\/?p=193","title":{"rendered":"Kristalina Georgieva, otra vez en problemas: sus empleados le piden explicaciones sobre Brasil"},"content":{"rendered":"<\/p>\n<p>Casi 200 empleados del FMI firmaron una petici\u00f3n solicitando a la directora gerente que aclarare los detalles de las acciones que llevaron a la atenuaci\u00f3n de una advertencia sobre los riesgos ambientales para la econom\u00eda brasile\u00f1a. <a href=\"https:\/\/www.perfil.com\/noticias\/bloomberg\/bc-empleados-fmi-instan-a-georgieva-a-explicar-episodio-de-brasil.phtml\">Leer m\u00e1s<\/a><\/p>\n","protected":false},"excerpt":{"rendered":"<p>Casi 200 empleados del FMI firmaron una petici\u00f3n solicitando a la directora gerente que aclarare los detalles de las acciones que llevaron a la atenuaci\u00f3n de una advertencia sobre los riesgos ambientales para la econom\u00eda brasile\u00f1a. Leer m\u00e1s<\/p>\n","protected":false},"author":0,"featured_media":0,"comment_status":"","ping_status":"","sticky":false,"template":"","format":"standard","meta":{"footnotes":""},"categories":[1],"tags":[],"class_list":["post-193","post","type-post","status-publish","format-standard","hentry","category-sin-categoria"],"_links":{"self":[{"href":"http:\/\/fmdelpueblo.ar\/index.php?rest_route=\/wp\/v2\/posts\/193","targetHints":{"allow":["GET"]}}],"collection":[{"href":"http:\/\/fmdelpueblo.ar\/index.php?rest_route=\/wp\/v2\/posts"}],"about":[{"href":"http:\/\/fmdelpueblo.ar\/index.php?rest_route=\/wp\/v2\/types\/post"}],"replies":[{"embeddable":true,"href":"http:\/\/fmdelpueblo.ar\/index.php?rest_route=%2Fwp%2Fv2%2Fcomments&post=193"}],"version-history":[{"count":0,"href":"http:\/\/fmdelpueblo.ar\/index.php?rest_route=\/wp\/v2\/posts\/193\/revisions"}],"wp:attachment":[{"href":"http:\/\/fmdelpueblo.ar\/index.php?rest_route=%2Fwp%2Fv2%2Fmedia&parent=193"}],"wp:term":[{"taxonomy":"category","embeddable":true,"href":"http:\/\/fmdelpueblo.ar\/index.php?rest_route=%2Fwp%2Fv2%2Fcategories&post=193"},{"taxonomy":"post_tag","embeddable":true,"href":"http:\/\/fmdelpueblo.ar\/index.php?rest_route=%2Fwp%2Fv2%2Ftags&post=193"}],"curies":[{"name":"wp","href":"https:\/\/api.w.org\/{rel}","templated":true}]}}