{"id":192,"date":"2021-10-27T00:10:43","date_gmt":"2021-10-27T00:10:43","guid":{"rendered":"https:\/\/fmdelpueblo.ar\/?p=192"},"modified":"2021-10-27T00:10:43","modified_gmt":"2021-10-27T00:10:43","slug":"expertos-respaldan-la-vacuna-pfizer-para-chicos-de-5-a-11-anos-en-eeuu","status":"publish","type":"post","link":"http:\/\/fmdelpueblo.ar\/?p=192","title":{"rendered":"Expertos respaldan la vacuna Pfizer para chicos de 5 a 11 a\u00f1os en EEUU"},"content":{"rendered":"<\/p>\n<p>Los beneficios de una vacuna contra el covid-19 para ni\u00f1os peque\u00f1os fabricada por Pfizer Inc. y BioNTech SE exceden los riesgos, seg\u00fan un panel de expertos estadounidenses. As\u00ed, la vacuna para los ni\u00f1os m\u00e1s peque\u00f1os se encamina hacia una probable aprobaci\u00f3n. <a href=\"https:\/\/www.perfil.com\/noticias\/bloomberg\/bc-panel-de-fda-respalda-vacuna-pfizer-para-ninos-de-5-a-11-anos.phtml\">Leer m\u00e1s<\/a><\/p>\n","protected":false},"excerpt":{"rendered":"<p>Los beneficios de una vacuna contra el covid-19 para ni\u00f1os peque\u00f1os fabricada por Pfizer Inc. y BioNTech SE exceden los riesgos, seg\u00fan un panel de expertos estadounidenses. As\u00ed, la vacuna para los ni\u00f1os m\u00e1s peque\u00f1os se encamina hacia una probable aprobaci\u00f3n. Leer m\u00e1s<\/p>\n","protected":false},"author":0,"featured_media":0,"comment_status":"","ping_status":"","sticky":false,"template":"","format":"standard","meta":{"footnotes":""},"categories":[1],"tags":[],"class_list":["post-192","post","type-post","status-publish","format-standard","hentry","category-sin-categoria"],"_links":{"self":[{"href":"http:\/\/fmdelpueblo.ar\/index.php?rest_route=\/wp\/v2\/posts\/192","targetHints":{"allow":["GET"]}}],"collection":[{"href":"http:\/\/fmdelpueblo.ar\/index.php?rest_route=\/wp\/v2\/posts"}],"about":[{"href":"http:\/\/fmdelpueblo.ar\/index.php?rest_route=\/wp\/v2\/types\/post"}],"replies":[{"embeddable":true,"href":"http:\/\/fmdelpueblo.ar\/index.php?rest_route=%2Fwp%2Fv2%2Fcomments&post=192"}],"version-history":[{"count":0,"href":"http:\/\/fmdelpueblo.ar\/index.php?rest_route=\/wp\/v2\/posts\/192\/revisions"}],"wp:attachment":[{"href":"http:\/\/fmdelpueblo.ar\/index.php?rest_route=%2Fwp%2Fv2%2Fmedia&parent=192"}],"wp:term":[{"taxonomy":"category","embeddable":true,"href":"http:\/\/fmdelpueblo.ar\/index.php?rest_route=%2Fwp%2Fv2%2Fcategories&post=192"},{"taxonomy":"post_tag","embeddable":true,"href":"http:\/\/fmdelpueblo.ar\/index.php?rest_route=%2Fwp%2Fv2%2Ftags&post=192"}],"curies":[{"name":"wp","href":"https:\/\/api.w.org\/{rel}","templated":true}]}}