{"id":190,"date":"2021-10-27T00:10:43","date_gmt":"2021-10-27T00:10:43","guid":{"rendered":"https:\/\/fmdelpueblo.ar\/?p=190"},"modified":"2021-10-27T00:10:43","modified_gmt":"2021-10-27T00:10:43","slug":"espana-mostro-su-apoyo-a-la-gestion-argentina-ante-el-fmi-la-sociedad-la-esta-pasando-mal","status":"publish","type":"post","link":"http:\/\/fmdelpueblo.ar\/?p=190","title":{"rendered":"Espa\u00f1a mostr\u00f3 su apoyo a la gesti\u00f3n argentina ante el FMI: \u00abLa sociedad la est\u00e1 pasando mal\u00bb"},"content":{"rendered":"<\/p>\n<p>El secretario de Estado para Iberoam\u00e9rica y el Caribe dijo que \u00abno se pueden acrecentar las tensiones\u00bb por las que pasan los pa\u00edses respecto a sus deudas. El FMI tiene que ser sensible a esta situaci\u00f3n, reclam\u00f3.<br \/>\n <a href=\"https:\/\/www.perfil.com\/noticias\/economia\/espana-mostro-su-apoyo-a-la-gestion-argentina-ante-el-fmi-la-sociedad-la-esta-pasando-mal.phtml\">Leer m\u00e1s<\/a><\/p>\n","protected":false},"excerpt":{"rendered":"<p>El secretario de Estado para Iberoam\u00e9rica y el Caribe dijo que \u00abno se pueden acrecentar las tensiones\u00bb por las que pasan los pa\u00edses respecto a sus deudas. El FMI tiene que ser sensible a esta situaci\u00f3n, reclam\u00f3. Leer m\u00e1s<\/p>\n","protected":false},"author":0,"featured_media":0,"comment_status":"","ping_status":"","sticky":false,"template":"","format":"standard","meta":{"footnotes":""},"categories":[1],"tags":[],"class_list":["post-190","post","type-post","status-publish","format-standard","hentry","category-sin-categoria"],"_links":{"self":[{"href":"http:\/\/fmdelpueblo.ar\/index.php?rest_route=\/wp\/v2\/posts\/190","targetHints":{"allow":["GET"]}}],"collection":[{"href":"http:\/\/fmdelpueblo.ar\/index.php?rest_route=\/wp\/v2\/posts"}],"about":[{"href":"http:\/\/fmdelpueblo.ar\/index.php?rest_route=\/wp\/v2\/types\/post"}],"replies":[{"embeddable":true,"href":"http:\/\/fmdelpueblo.ar\/index.php?rest_route=%2Fwp%2Fv2%2Fcomments&post=190"}],"version-history":[{"count":0,"href":"http:\/\/fmdelpueblo.ar\/index.php?rest_route=\/wp\/v2\/posts\/190\/revisions"}],"wp:attachment":[{"href":"http:\/\/fmdelpueblo.ar\/index.php?rest_route=%2Fwp%2Fv2%2Fmedia&parent=190"}],"wp:term":[{"taxonomy":"category","embeddable":true,"href":"http:\/\/fmdelpueblo.ar\/index.php?rest_route=%2Fwp%2Fv2%2Fcategories&post=190"},{"taxonomy":"post_tag","embeddable":true,"href":"http:\/\/fmdelpueblo.ar\/index.php?rest_route=%2Fwp%2Fv2%2Ftags&post=190"}],"curies":[{"name":"wp","href":"https:\/\/api.w.org\/{rel}","templated":true}]}}