{"id":187,"date":"2021-10-27T00:10:42","date_gmt":"2021-10-27T00:10:42","guid":{"rendered":"https:\/\/fmdelpueblo.ar\/?p=187"},"modified":"2021-10-27T00:10:42","modified_gmt":"2021-10-27T00:10:42","slug":"el-documental-que-vincula-al-nazi-que-rescato-a-mussolini-de-la-carcel-con-peron-la-cia-y-el-mossad","status":"publish","type":"post","link":"http:\/\/fmdelpueblo.ar\/?p=187","title":{"rendered":"El documental que vincula al nazi que rescat\u00f3 a Mussolini de la c\u00e1rcel con Per\u00f3n, la CIA y el Mossad"},"content":{"rendered":"<\/p>\n<p>Otto Skorzeny fue el comando favorito de Adolf Hitler pero no fue condenado por los aliados tras la guerra. Vivi\u00f3 como un importante \u00abhombre de negocios\u00bb durante un cuarto de siglo en la Espa\u00f1a franquista. <a href=\"https:\/\/www.perfil.com\/noticias\/cultura\/el-documental-que-vincula-al-nazi-que-rescato-a-mussolini-de-la-carcel-con-peron-la-cia-y-el-mossad.phtml\">Leer m\u00e1s<\/a><\/p>\n","protected":false},"excerpt":{"rendered":"<p>Otto Skorzeny fue el comando favorito de Adolf Hitler pero no fue condenado por los aliados tras la guerra. Vivi\u00f3 como un importante \u00abhombre de negocios\u00bb durante un cuarto de siglo en la Espa\u00f1a franquista. Leer m\u00e1s<\/p>\n","protected":false},"author":0,"featured_media":0,"comment_status":"","ping_status":"","sticky":false,"template":"","format":"standard","meta":{"footnotes":""},"categories":[1],"tags":[],"class_list":["post-187","post","type-post","status-publish","format-standard","hentry","category-sin-categoria"],"_links":{"self":[{"href":"http:\/\/fmdelpueblo.ar\/index.php?rest_route=\/wp\/v2\/posts\/187","targetHints":{"allow":["GET"]}}],"collection":[{"href":"http:\/\/fmdelpueblo.ar\/index.php?rest_route=\/wp\/v2\/posts"}],"about":[{"href":"http:\/\/fmdelpueblo.ar\/index.php?rest_route=\/wp\/v2\/types\/post"}],"replies":[{"embeddable":true,"href":"http:\/\/fmdelpueblo.ar\/index.php?rest_route=%2Fwp%2Fv2%2Fcomments&post=187"}],"version-history":[{"count":0,"href":"http:\/\/fmdelpueblo.ar\/index.php?rest_route=\/wp\/v2\/posts\/187\/revisions"}],"wp:attachment":[{"href":"http:\/\/fmdelpueblo.ar\/index.php?rest_route=%2Fwp%2Fv2%2Fmedia&parent=187"}],"wp:term":[{"taxonomy":"category","embeddable":true,"href":"http:\/\/fmdelpueblo.ar\/index.php?rest_route=%2Fwp%2Fv2%2Fcategories&post=187"},{"taxonomy":"post_tag","embeddable":true,"href":"http:\/\/fmdelpueblo.ar\/index.php?rest_route=%2Fwp%2Fv2%2Ftags&post=187"}],"curies":[{"name":"wp","href":"https:\/\/api.w.org\/{rel}","templated":true}]}}