{"id":186,"date":"2021-10-26T22:19:55","date_gmt":"2021-10-26T22:19:55","guid":{"rendered":"https:\/\/fmdelpueblo.ar\/?p=186"},"modified":"2021-10-26T22:19:55","modified_gmt":"2021-10-26T22:19:55","slug":"eduardo-lopez-y-la-tercera-dosis-mas-temprano-que-tarde-se-va-a-generalizar-para-el-resto-de-las-vacunas","status":"publish","type":"post","link":"http:\/\/fmdelpueblo.ar\/?p=186","title":{"rendered":"Eduardo L\u00f3pez y la tercera dosis: \u201cM\u00e1s temprano que tarde se va a generalizar para el resto de las vacunas\u201d"},"content":{"rendered":"<\/p>\n<p>El infect\u00f3logo celebr\u00f3 el anuncio de la ministra de Salud de que mayores de 50 a\u00f1os con Sinopharm e inmunocomprometidos se apliquen otra dosis.\u00a0 <a href=\"https:\/\/www.perfil.com\/noticias\/coronavirus\/eduardo-lopez-y-la-tercera-dosis-mas-temprano-que-tarde-se-va-a-generalizar-para-el-resto-de-las-vacunas.phtml\">Leer m\u00e1s<\/a><\/p>\n","protected":false},"excerpt":{"rendered":"<p>El infect\u00f3logo celebr\u00f3 el anuncio de la ministra de Salud de que mayores de 50 a\u00f1os con Sinopharm e inmunocomprometidos se apliquen otra dosis.\u00a0 Leer m\u00e1s<\/p>\n","protected":false},"author":0,"featured_media":0,"comment_status":"","ping_status":"","sticky":false,"template":"","format":"standard","meta":{"footnotes":""},"categories":[1],"tags":[],"class_list":["post-186","post","type-post","status-publish","format-standard","hentry","category-sin-categoria"],"_links":{"self":[{"href":"http:\/\/fmdelpueblo.ar\/index.php?rest_route=\/wp\/v2\/posts\/186","targetHints":{"allow":["GET"]}}],"collection":[{"href":"http:\/\/fmdelpueblo.ar\/index.php?rest_route=\/wp\/v2\/posts"}],"about":[{"href":"http:\/\/fmdelpueblo.ar\/index.php?rest_route=\/wp\/v2\/types\/post"}],"replies":[{"embeddable":true,"href":"http:\/\/fmdelpueblo.ar\/index.php?rest_route=%2Fwp%2Fv2%2Fcomments&post=186"}],"version-history":[{"count":0,"href":"http:\/\/fmdelpueblo.ar\/index.php?rest_route=\/wp\/v2\/posts\/186\/revisions"}],"wp:attachment":[{"href":"http:\/\/fmdelpueblo.ar\/index.php?rest_route=%2Fwp%2Fv2%2Fmedia&parent=186"}],"wp:term":[{"taxonomy":"category","embeddable":true,"href":"http:\/\/fmdelpueblo.ar\/index.php?rest_route=%2Fwp%2Fv2%2Fcategories&post=186"},{"taxonomy":"post_tag","embeddable":true,"href":"http:\/\/fmdelpueblo.ar\/index.php?rest_route=%2Fwp%2Fv2%2Ftags&post=186"}],"curies":[{"name":"wp","href":"https:\/\/api.w.org\/{rel}","templated":true}]}}