{"id":185,"date":"2021-10-26T22:19:55","date_gmt":"2021-10-26T22:19:55","guid":{"rendered":"https:\/\/fmdelpueblo.ar\/?p=185"},"modified":"2021-10-26T22:19:55","modified_gmt":"2021-10-26T22:19:55","slug":"epica-imperial-la-princesa-mako-de-japon-se-convirtio-en-plebeya-por-amor-a-un-abogado","status":"publish","type":"post","link":"http:\/\/fmdelpueblo.ar\/?p=185","title":{"rendered":"\u00c9pica imperial: la princesa Mako de Jap\u00f3n se convirti\u00f3 en plebeya por amor a un abogado"},"content":{"rendered":"<\/p>\n<p>La sobrina del emperador Naruhito renunci\u00f3 su t\u00edtulo imperial se convirti\u00f3 en la \u00abse\u00f1ora Komuro\u00bb. Se despidi\u00f3 emotivamente de su familia y marchar\u00e1 a EEUU para iniciar una vida totalmente diferente.<br \/>\n <a href=\"https:\/\/www.perfil.com\/noticias\/internacional\/epica-imperial-la-princesa-mako-de-japon-se-convirtio-en-plebeya-por-amor-a-un-abogado.phtml\">Leer m\u00e1s<\/a><\/p>\n","protected":false},"excerpt":{"rendered":"<p>La sobrina del emperador Naruhito renunci\u00f3 su t\u00edtulo imperial se convirti\u00f3 en la \u00abse\u00f1ora Komuro\u00bb. Se despidi\u00f3 emotivamente de su familia y marchar\u00e1 a EEUU para iniciar una vida totalmente diferente. Leer m\u00e1s<\/p>\n","protected":false},"author":0,"featured_media":0,"comment_status":"","ping_status":"","sticky":false,"template":"","format":"standard","meta":{"footnotes":""},"categories":[1],"tags":[],"class_list":["post-185","post","type-post","status-publish","format-standard","hentry","category-sin-categoria"],"_links":{"self":[{"href":"http:\/\/fmdelpueblo.ar\/index.php?rest_route=\/wp\/v2\/posts\/185","targetHints":{"allow":["GET"]}}],"collection":[{"href":"http:\/\/fmdelpueblo.ar\/index.php?rest_route=\/wp\/v2\/posts"}],"about":[{"href":"http:\/\/fmdelpueblo.ar\/index.php?rest_route=\/wp\/v2\/types\/post"}],"replies":[{"embeddable":true,"href":"http:\/\/fmdelpueblo.ar\/index.php?rest_route=%2Fwp%2Fv2%2Fcomments&post=185"}],"version-history":[{"count":0,"href":"http:\/\/fmdelpueblo.ar\/index.php?rest_route=\/wp\/v2\/posts\/185\/revisions"}],"wp:attachment":[{"href":"http:\/\/fmdelpueblo.ar\/index.php?rest_route=%2Fwp%2Fv2%2Fmedia&parent=185"}],"wp:term":[{"taxonomy":"category","embeddable":true,"href":"http:\/\/fmdelpueblo.ar\/index.php?rest_route=%2Fwp%2Fv2%2Fcategories&post=185"},{"taxonomy":"post_tag","embeddable":true,"href":"http:\/\/fmdelpueblo.ar\/index.php?rest_route=%2Fwp%2Fv2%2Ftags&post=185"}],"curies":[{"name":"wp","href":"https:\/\/api.w.org\/{rel}","templated":true}]}}