{"id":183,"date":"2021-10-26T22:19:55","date_gmt":"2021-10-26T22:19:55","guid":{"rendered":"https:\/\/fmdelpueblo.ar\/?p=183"},"modified":"2021-10-26T22:19:55","modified_gmt":"2021-10-26T22:19:55","slug":"que-lugar-ocupa-la-carne-en-una-alimentacion-saludable","status":"publish","type":"post","link":"http:\/\/fmdelpueblo.ar\/?p=183","title":{"rendered":"Qu\u00e9 lugar ocupa la carne en una alimentaci\u00f3n saludable"},"content":{"rendered":"<\/p>\n<p>Fiorella Tartaglione, de la Fundaci\u00f3n Cardiol\u00f3gica Argentina, disert\u00f3 sobre los aportes nutricionales de la carne en un seminario del IPCVA. <a href=\"https:\/\/www.perfil.com\/noticias\/agro\/que-lugar-ocupa-la-carne-en-una-alimentacion-saludable.phtml\">Leer m\u00e1s<\/a><\/p>\n","protected":false},"excerpt":{"rendered":"<p>Fiorella Tartaglione, de la Fundaci\u00f3n Cardiol\u00f3gica Argentina, disert\u00f3 sobre los aportes nutricionales de la carne en un seminario del IPCVA. Leer m\u00e1s<\/p>\n","protected":false},"author":0,"featured_media":0,"comment_status":"","ping_status":"","sticky":false,"template":"","format":"standard","meta":{"footnotes":""},"categories":[1],"tags":[],"class_list":["post-183","post","type-post","status-publish","format-standard","hentry","category-sin-categoria"],"_links":{"self":[{"href":"http:\/\/fmdelpueblo.ar\/index.php?rest_route=\/wp\/v2\/posts\/183","targetHints":{"allow":["GET"]}}],"collection":[{"href":"http:\/\/fmdelpueblo.ar\/index.php?rest_route=\/wp\/v2\/posts"}],"about":[{"href":"http:\/\/fmdelpueblo.ar\/index.php?rest_route=\/wp\/v2\/types\/post"}],"replies":[{"embeddable":true,"href":"http:\/\/fmdelpueblo.ar\/index.php?rest_route=%2Fwp%2Fv2%2Fcomments&post=183"}],"version-history":[{"count":0,"href":"http:\/\/fmdelpueblo.ar\/index.php?rest_route=\/wp\/v2\/posts\/183\/revisions"}],"wp:attachment":[{"href":"http:\/\/fmdelpueblo.ar\/index.php?rest_route=%2Fwp%2Fv2%2Fmedia&parent=183"}],"wp:term":[{"taxonomy":"category","embeddable":true,"href":"http:\/\/fmdelpueblo.ar\/index.php?rest_route=%2Fwp%2Fv2%2Fcategories&post=183"},{"taxonomy":"post_tag","embeddable":true,"href":"http:\/\/fmdelpueblo.ar\/index.php?rest_route=%2Fwp%2Fv2%2Ftags&post=183"}],"curies":[{"name":"wp","href":"https:\/\/api.w.org\/{rel}","templated":true}]}}