{"id":181,"date":"2021-10-26T22:19:55","date_gmt":"2021-10-26T22:19:55","guid":{"rendered":"https:\/\/fmdelpueblo.ar\/?p=181"},"modified":"2021-10-26T22:19:55","modified_gmt":"2021-10-26T22:19:55","slug":"cumpleanos-en-olivos-sofia-pacchi-declaro-ante-la-justicia-por-los-dichos-de-wolff-e-iglesias","status":"publish","type":"post","link":"http:\/\/fmdelpueblo.ar\/?p=181","title":{"rendered":"Cumplea\u00f1os en Olivos: Sof\u00eda Pacchi declar\u00f3 ante la Justicia por los dichos de Wolff e Iglesias"},"content":{"rendered":"<\/p>\n<p>La asesora y amiga de Fabiola declar\u00f3 en un expediente que investiga las expresiones de los legisladores de Juntos por el Cambio derivado de la causa del cumplea\u00f1os de Fabiola Y\u00e1\u00f1ez en Olivos. <a href=\"https:\/\/www.perfil.com\/noticias\/politica\/cumpleanos-en-olivos-sofia-pacchi-declaro-ante-la-justicia-por-los-dichos-de-wolff-e-iglesias.phtml\">Leer m\u00e1s<\/a><\/p>\n","protected":false},"excerpt":{"rendered":"<p>La asesora y amiga de Fabiola declar\u00f3 en un expediente que investiga las expresiones de los legisladores de Juntos por el Cambio derivado de la causa del cumplea\u00f1os de Fabiola Y\u00e1\u00f1ez en Olivos. Leer m\u00e1s<\/p>\n","protected":false},"author":0,"featured_media":0,"comment_status":"","ping_status":"","sticky":false,"template":"","format":"standard","meta":{"footnotes":""},"categories":[1],"tags":[],"class_list":["post-181","post","type-post","status-publish","format-standard","hentry","category-sin-categoria"],"_links":{"self":[{"href":"http:\/\/fmdelpueblo.ar\/index.php?rest_route=\/wp\/v2\/posts\/181","targetHints":{"allow":["GET"]}}],"collection":[{"href":"http:\/\/fmdelpueblo.ar\/index.php?rest_route=\/wp\/v2\/posts"}],"about":[{"href":"http:\/\/fmdelpueblo.ar\/index.php?rest_route=\/wp\/v2\/types\/post"}],"replies":[{"embeddable":true,"href":"http:\/\/fmdelpueblo.ar\/index.php?rest_route=%2Fwp%2Fv2%2Fcomments&post=181"}],"version-history":[{"count":0,"href":"http:\/\/fmdelpueblo.ar\/index.php?rest_route=\/wp\/v2\/posts\/181\/revisions"}],"wp:attachment":[{"href":"http:\/\/fmdelpueblo.ar\/index.php?rest_route=%2Fwp%2Fv2%2Fmedia&parent=181"}],"wp:term":[{"taxonomy":"category","embeddable":true,"href":"http:\/\/fmdelpueblo.ar\/index.php?rest_route=%2Fwp%2Fv2%2Fcategories&post=181"},{"taxonomy":"post_tag","embeddable":true,"href":"http:\/\/fmdelpueblo.ar\/index.php?rest_route=%2Fwp%2Fv2%2Ftags&post=181"}],"curies":[{"name":"wp","href":"https:\/\/api.w.org\/{rel}","templated":true}]}}