{"id":179,"date":"2021-10-26T21:18:08","date_gmt":"2021-10-26T21:18:08","guid":{"rendered":"https:\/\/fmdelpueblo.ar\/?p=179"},"modified":"2021-10-26T21:18:08","modified_gmt":"2021-10-26T21:18:08","slug":"etiquetado-frontal-tras-un-acalorado-debate-el-congreso-se-encamina-a-sancionar-la-ley-esta-noche","status":"publish","type":"post","link":"http:\/\/fmdelpueblo.ar\/?p=179","title":{"rendered":"Etiquetado Frontal: tras un acalorado debate, el Congreso se encamina a sancionar la ley esta noche"},"content":{"rendered":"<\/p>\n<p>El comienzo de la discusi\u00f3n se demor\u00f3 cuatro horas, pero el proyecto que impone oct\u00f3gonos negros en los alimentos no saludables se aprobar\u00e1 con amplio consenso. <a href=\"https:\/\/www.perfil.com\/noticias\/politica\/etiquetado-frontal-tras-un-acalorado-debate-el-congreso-se-encamina-a-sancionar-la-ley-esta-noche.phtml\">Leer m\u00e1s<\/a><\/p>\n","protected":false},"excerpt":{"rendered":"<p>El comienzo de la discusi\u00f3n se demor\u00f3 cuatro horas, pero el proyecto que impone oct\u00f3gonos negros en los alimentos no saludables se aprobar\u00e1 con amplio consenso. Leer m\u00e1s<\/p>\n","protected":false},"author":0,"featured_media":0,"comment_status":"","ping_status":"","sticky":false,"template":"","format":"standard","meta":{"footnotes":""},"categories":[1],"tags":[],"class_list":["post-179","post","type-post","status-publish","format-standard","hentry","category-sin-categoria"],"_links":{"self":[{"href":"http:\/\/fmdelpueblo.ar\/index.php?rest_route=\/wp\/v2\/posts\/179","targetHints":{"allow":["GET"]}}],"collection":[{"href":"http:\/\/fmdelpueblo.ar\/index.php?rest_route=\/wp\/v2\/posts"}],"about":[{"href":"http:\/\/fmdelpueblo.ar\/index.php?rest_route=\/wp\/v2\/types\/post"}],"replies":[{"embeddable":true,"href":"http:\/\/fmdelpueblo.ar\/index.php?rest_route=%2Fwp%2Fv2%2Fcomments&post=179"}],"version-history":[{"count":0,"href":"http:\/\/fmdelpueblo.ar\/index.php?rest_route=\/wp\/v2\/posts\/179\/revisions"}],"wp:attachment":[{"href":"http:\/\/fmdelpueblo.ar\/index.php?rest_route=%2Fwp%2Fv2%2Fmedia&parent=179"}],"wp:term":[{"taxonomy":"category","embeddable":true,"href":"http:\/\/fmdelpueblo.ar\/index.php?rest_route=%2Fwp%2Fv2%2Fcategories&post=179"},{"taxonomy":"post_tag","embeddable":true,"href":"http:\/\/fmdelpueblo.ar\/index.php?rest_route=%2Fwp%2Fv2%2Ftags&post=179"}],"curies":[{"name":"wp","href":"https:\/\/api.w.org\/{rel}","templated":true}]}}