{"id":178,"date":"2021-10-26T21:18:08","date_gmt":"2021-10-26T21:18:08","guid":{"rendered":"https:\/\/fmdelpueblo.ar\/?p=178"},"modified":"2021-10-26T21:18:08","modified_gmt":"2021-10-26T21:18:08","slug":"memorandum-con-iran-tras-la-daia-un-fiscal-tambien-apelo-el-fallo-que-sobreseyo-a-cristina-kirchner","status":"publish","type":"post","link":"http:\/\/fmdelpueblo.ar\/?p=178","title":{"rendered":"Memor\u00e1ndum con Ir\u00e1n: tras la DAIA, un fiscal tambi\u00e9n apel\u00f3 el fallo que sobresey\u00f3 a Cristina Kirchner"},"content":{"rendered":"<\/p>\n<p>Marcelo Colombo solicit\u00f3 el juicio oral para determinar si hubo o no delito; pero no recus\u00f3 a los jueces que sobreseyeron a la vicepresidenta y al resto de los imputados en la causa.<br \/>\n <a href=\"https:\/\/www.perfil.com\/noticias\/actualidad\/memorandum-con-iran-tras-la-daia-un-fiscal-tambien-apelo-el-fallo-que-sobreseyo-a-cristina-kirchner.phtml\">Leer m\u00e1s<\/a><\/p>\n","protected":false},"excerpt":{"rendered":"<p>Marcelo Colombo solicit\u00f3 el juicio oral para determinar si hubo o no delito; pero no recus\u00f3 a los jueces que sobreseyeron a la vicepresidenta y al resto de los imputados en la causa. Leer m\u00e1s<\/p>\n","protected":false},"author":0,"featured_media":0,"comment_status":"","ping_status":"","sticky":false,"template":"","format":"standard","meta":{"footnotes":""},"categories":[1],"tags":[],"class_list":["post-178","post","type-post","status-publish","format-standard","hentry","category-sin-categoria"],"_links":{"self":[{"href":"http:\/\/fmdelpueblo.ar\/index.php?rest_route=\/wp\/v2\/posts\/178","targetHints":{"allow":["GET"]}}],"collection":[{"href":"http:\/\/fmdelpueblo.ar\/index.php?rest_route=\/wp\/v2\/posts"}],"about":[{"href":"http:\/\/fmdelpueblo.ar\/index.php?rest_route=\/wp\/v2\/types\/post"}],"replies":[{"embeddable":true,"href":"http:\/\/fmdelpueblo.ar\/index.php?rest_route=%2Fwp%2Fv2%2Fcomments&post=178"}],"version-history":[{"count":0,"href":"http:\/\/fmdelpueblo.ar\/index.php?rest_route=\/wp\/v2\/posts\/178\/revisions"}],"wp:attachment":[{"href":"http:\/\/fmdelpueblo.ar\/index.php?rest_route=%2Fwp%2Fv2%2Fmedia&parent=178"}],"wp:term":[{"taxonomy":"category","embeddable":true,"href":"http:\/\/fmdelpueblo.ar\/index.php?rest_route=%2Fwp%2Fv2%2Fcategories&post=178"},{"taxonomy":"post_tag","embeddable":true,"href":"http:\/\/fmdelpueblo.ar\/index.php?rest_route=%2Fwp%2Fv2%2Ftags&post=178"}],"curies":[{"name":"wp","href":"https:\/\/api.w.org\/{rel}","templated":true}]}}