{"id":174,"date":"2021-10-26T19:16:14","date_gmt":"2021-10-26T19:16:14","guid":{"rendered":"https:\/\/fmdelpueblo.ar\/?p=174"},"modified":"2021-10-26T19:16:14","modified_gmt":"2021-10-26T19:16:14","slug":"dia-de-prevencion-de-quemaduras-advierten-que-estas-lesiones-afectan-a-200-mil-personas-por-ano-en-argentina","status":"publish","type":"post","link":"http:\/\/fmdelpueblo.ar\/?p=174","title":{"rendered":"D\u00eda de Prevenci\u00f3n de Quemaduras: advierten que estas lesiones afectan a 200 mil personas por a\u00f1o en Argentina"},"content":{"rendered":"<\/p>\n<p>La mitad de los afectados son ni\u00f1os, tanto por exposici\u00f3n solar como por pirotecnia y la causa principal es la \u201ctransgresi\u00f3n\u201d. La radiaci\u00f3n solar acumulada, adem\u00e1s, es la que produce el c\u00e1ncer de piel en la adultez.  <a href=\"https:\/\/www.perfil.com\/noticias\/actualidad\/en-el-dia-de-prevencion-de-quemaduras-advierten-que-este-tipo-de-lesiones-afectan-a-200000-personas-por-ano-en-argentina.phtml\">Leer m\u00e1s<\/a><\/p>\n","protected":false},"excerpt":{"rendered":"<p>La mitad de los afectados son ni\u00f1os, tanto por exposici\u00f3n solar como por pirotecnia y la causa principal es la \u201ctransgresi\u00f3n\u201d. La radiaci\u00f3n solar acumulada, adem\u00e1s, es la que produce el c\u00e1ncer de piel en la adultez. Leer m\u00e1s<\/p>\n","protected":false},"author":0,"featured_media":0,"comment_status":"","ping_status":"","sticky":false,"template":"","format":"standard","meta":{"footnotes":""},"categories":[1],"tags":[],"class_list":["post-174","post","type-post","status-publish","format-standard","hentry","category-sin-categoria"],"_links":{"self":[{"href":"http:\/\/fmdelpueblo.ar\/index.php?rest_route=\/wp\/v2\/posts\/174","targetHints":{"allow":["GET"]}}],"collection":[{"href":"http:\/\/fmdelpueblo.ar\/index.php?rest_route=\/wp\/v2\/posts"}],"about":[{"href":"http:\/\/fmdelpueblo.ar\/index.php?rest_route=\/wp\/v2\/types\/post"}],"replies":[{"embeddable":true,"href":"http:\/\/fmdelpueblo.ar\/index.php?rest_route=%2Fwp%2Fv2%2Fcomments&post=174"}],"version-history":[{"count":0,"href":"http:\/\/fmdelpueblo.ar\/index.php?rest_route=\/wp\/v2\/posts\/174\/revisions"}],"wp:attachment":[{"href":"http:\/\/fmdelpueblo.ar\/index.php?rest_route=%2Fwp%2Fv2%2Fmedia&parent=174"}],"wp:term":[{"taxonomy":"category","embeddable":true,"href":"http:\/\/fmdelpueblo.ar\/index.php?rest_route=%2Fwp%2Fv2%2Fcategories&post=174"},{"taxonomy":"post_tag","embeddable":true,"href":"http:\/\/fmdelpueblo.ar\/index.php?rest_route=%2Fwp%2Fv2%2Ftags&post=174"}],"curies":[{"name":"wp","href":"https:\/\/api.w.org\/{rel}","templated":true}]}}