{"id":172,"date":"2021-10-26T19:16:14","date_gmt":"2021-10-26T19:16:14","guid":{"rendered":"https:\/\/fmdelpueblo.ar\/?p=172"},"modified":"2021-10-26T19:16:14","modified_gmt":"2021-10-26T19:16:14","slug":"familiares-de-tripulantes-del-ara-san-juan-piden-que-no-se-haga-la-marcha-en-apoyo-a-macri-por-respeto","status":"publish","type":"post","link":"http:\/\/fmdelpueblo.ar\/?p=172","title":{"rendered":"Familiares de tripulantes del ARA San Juan piden que no se haga la marcha en apoyo a Macri \u00abpor respeto\u00bb"},"content":{"rendered":"<\/p>\n<p>A trav\u00e9s de un texto difundido por la querella, piden a Juntos por el Cambio que baje la convocatoria para acompa\u00f1ar al expresidente. <a href=\"https:\/\/www.perfil.com\/noticias\/politica\/familiares-de-tripulantes-del-ara-san-juan-piden-que-no-se-haga-la-marcha-en-apoyo-a-macri-por-respeto.phtml\">Leer m\u00e1s<\/a><\/p>\n","protected":false},"excerpt":{"rendered":"<p>A trav\u00e9s de un texto difundido por la querella, piden a Juntos por el Cambio que baje la convocatoria para acompa\u00f1ar al expresidente. Leer m\u00e1s<\/p>\n","protected":false},"author":0,"featured_media":0,"comment_status":"","ping_status":"","sticky":false,"template":"","format":"standard","meta":{"footnotes":""},"categories":[1],"tags":[],"class_list":["post-172","post","type-post","status-publish","format-standard","hentry","category-sin-categoria"],"_links":{"self":[{"href":"http:\/\/fmdelpueblo.ar\/index.php?rest_route=\/wp\/v2\/posts\/172","targetHints":{"allow":["GET"]}}],"collection":[{"href":"http:\/\/fmdelpueblo.ar\/index.php?rest_route=\/wp\/v2\/posts"}],"about":[{"href":"http:\/\/fmdelpueblo.ar\/index.php?rest_route=\/wp\/v2\/types\/post"}],"replies":[{"embeddable":true,"href":"http:\/\/fmdelpueblo.ar\/index.php?rest_route=%2Fwp%2Fv2%2Fcomments&post=172"}],"version-history":[{"count":0,"href":"http:\/\/fmdelpueblo.ar\/index.php?rest_route=\/wp\/v2\/posts\/172\/revisions"}],"wp:attachment":[{"href":"http:\/\/fmdelpueblo.ar\/index.php?rest_route=%2Fwp%2Fv2%2Fmedia&parent=172"}],"wp:term":[{"taxonomy":"category","embeddable":true,"href":"http:\/\/fmdelpueblo.ar\/index.php?rest_route=%2Fwp%2Fv2%2Fcategories&post=172"},{"taxonomy":"post_tag","embeddable":true,"href":"http:\/\/fmdelpueblo.ar\/index.php?rest_route=%2Fwp%2Fv2%2Ftags&post=172"}],"curies":[{"name":"wp","href":"https:\/\/api.w.org\/{rel}","templated":true}]}}