{"id":169,"date":"2021-10-26T19:16:14","date_gmt":"2021-10-26T19:16:14","guid":{"rendered":"https:\/\/fmdelpueblo.ar\/?p=169"},"modified":"2021-10-26T19:16:14","modified_gmt":"2021-10-26T19:16:14","slug":"viuda-del-arquitecto-asesinado-convoco-a-una-nueva-marcha-las-palabras-se-las-lleva-el-viento","status":"publish","type":"post","link":"http:\/\/fmdelpueblo.ar\/?p=169","title":{"rendered":"Viuda del arquitecto asesinado convoc\u00f3 a una nueva marcha: \u00abLas palabras se las lleva el viento\u00bb"},"content":{"rendered":"<\/p>\n<p>La familia convoc\u00f3 a una movilizaci\u00f3n en el Monumento a la Bandera para este mi\u00e9rcoles a las 20 horas. <a href=\"https:\/\/www.perfil.com\/noticias\/policia\/rosario.phtml\">Leer m\u00e1s<\/a><\/p>\n","protected":false},"excerpt":{"rendered":"<p>La familia convoc\u00f3 a una movilizaci\u00f3n en el Monumento a la Bandera para este mi\u00e9rcoles a las 20 horas. Leer m\u00e1s<\/p>\n","protected":false},"author":0,"featured_media":0,"comment_status":"","ping_status":"","sticky":false,"template":"","format":"standard","meta":{"footnotes":""},"categories":[1],"tags":[],"class_list":["post-169","post","type-post","status-publish","format-standard","hentry","category-sin-categoria"],"_links":{"self":[{"href":"http:\/\/fmdelpueblo.ar\/index.php?rest_route=\/wp\/v2\/posts\/169","targetHints":{"allow":["GET"]}}],"collection":[{"href":"http:\/\/fmdelpueblo.ar\/index.php?rest_route=\/wp\/v2\/posts"}],"about":[{"href":"http:\/\/fmdelpueblo.ar\/index.php?rest_route=\/wp\/v2\/types\/post"}],"replies":[{"embeddable":true,"href":"http:\/\/fmdelpueblo.ar\/index.php?rest_route=%2Fwp%2Fv2%2Fcomments&post=169"}],"version-history":[{"count":0,"href":"http:\/\/fmdelpueblo.ar\/index.php?rest_route=\/wp\/v2\/posts\/169\/revisions"}],"wp:attachment":[{"href":"http:\/\/fmdelpueblo.ar\/index.php?rest_route=%2Fwp%2Fv2%2Fmedia&parent=169"}],"wp:term":[{"taxonomy":"category","embeddable":true,"href":"http:\/\/fmdelpueblo.ar\/index.php?rest_route=%2Fwp%2Fv2%2Fcategories&post=169"},{"taxonomy":"post_tag","embeddable":true,"href":"http:\/\/fmdelpueblo.ar\/index.php?rest_route=%2Fwp%2Fv2%2Ftags&post=169"}],"curies":[{"name":"wp","href":"https:\/\/api.w.org\/{rel}","templated":true}]}}