{"id":164,"date":"2021-10-26T17:18:56","date_gmt":"2021-10-26T17:18:56","guid":{"rendered":"https:\/\/fmdelpueblo.ar\/?p=164"},"modified":"2021-10-26T17:18:56","modified_gmt":"2021-10-26T17:18:56","slug":"cybermonday-2021-se-espera-un-fuerte-incremento-en-la-facturacion-y-en-las-ventas","status":"publish","type":"post","link":"http:\/\/fmdelpueblo.ar\/?p=164","title":{"rendered":"CyberMonday 2021: Se espera un fuerte incremento en la facturaci\u00f3n y en las ventas"},"content":{"rendered":"<\/p>\n<p>Un estudio de la plataforma Tiendanube estima que la facturaci\u00f3n crecer\u00e1\u00a0m\u00e1s de un 70% y se superar\u00e1n los 800 mil productos vendidos. <a href=\"https:\/\/www.perfil.com\/noticias\/economia\/cybermonday-2021-se-espera-un-fuerte-incremento-en-la-facturacion-y-en-las-ventas.phtml\">Leer m\u00e1s<\/a><\/p>\n","protected":false},"excerpt":{"rendered":"<p>Un estudio de la plataforma Tiendanube estima que la facturaci\u00f3n crecer\u00e1\u00a0m\u00e1s de un 70% y se superar\u00e1n los 800 mil productos vendidos. Leer m\u00e1s<\/p>\n","protected":false},"author":0,"featured_media":0,"comment_status":"","ping_status":"","sticky":false,"template":"","format":"standard","meta":{"footnotes":""},"categories":[1],"tags":[],"class_list":["post-164","post","type-post","status-publish","format-standard","hentry","category-sin-categoria"],"_links":{"self":[{"href":"http:\/\/fmdelpueblo.ar\/index.php?rest_route=\/wp\/v2\/posts\/164","targetHints":{"allow":["GET"]}}],"collection":[{"href":"http:\/\/fmdelpueblo.ar\/index.php?rest_route=\/wp\/v2\/posts"}],"about":[{"href":"http:\/\/fmdelpueblo.ar\/index.php?rest_route=\/wp\/v2\/types\/post"}],"replies":[{"embeddable":true,"href":"http:\/\/fmdelpueblo.ar\/index.php?rest_route=%2Fwp%2Fv2%2Fcomments&post=164"}],"version-history":[{"count":0,"href":"http:\/\/fmdelpueblo.ar\/index.php?rest_route=\/wp\/v2\/posts\/164\/revisions"}],"wp:attachment":[{"href":"http:\/\/fmdelpueblo.ar\/index.php?rest_route=%2Fwp%2Fv2%2Fmedia&parent=164"}],"wp:term":[{"taxonomy":"category","embeddable":true,"href":"http:\/\/fmdelpueblo.ar\/index.php?rest_route=%2Fwp%2Fv2%2Fcategories&post=164"},{"taxonomy":"post_tag","embeddable":true,"href":"http:\/\/fmdelpueblo.ar\/index.php?rest_route=%2Fwp%2Fv2%2Ftags&post=164"}],"curies":[{"name":"wp","href":"https:\/\/api.w.org\/{rel}","templated":true}]}}