{"id":162,"date":"2021-10-26T16:18:41","date_gmt":"2021-10-26T16:18:41","guid":{"rendered":"https:\/\/fmdelpueblo.ar\/?p=162"},"modified":"2021-10-26T16:18:41","modified_gmt":"2021-10-26T16:18:41","slug":"los-errores-no-forzados-del-frente-de-todos-que-la-oposicion-festeja-son-nuestros-jefes-de-campana","status":"publish","type":"post","link":"http:\/\/fmdelpueblo.ar\/?p=162","title":{"rendered":"Los errores no forzados del Frente de Todos que la oposici\u00f3n festeja: \u00abSon nuestros jefes de campa\u00f1a\u00bb"},"content":{"rendered":"<\/p>\n<p>Carolina Losada, Alejandro Vilca y Jos\u00e9 Luis Espert analizaron en di\u00e1logo con PERFIL los distintos errores del Gobierno y su impacto electoral. <a href=\"https:\/\/www.perfil.com\/noticias\/politica\/tiros-en-el-pie-los-errores-no-forzados-del-gobierno-que-la-oposicion-festeja.phtml\">Leer m\u00e1s<\/a><\/p>\n","protected":false},"excerpt":{"rendered":"<p>Carolina Losada, Alejandro Vilca y Jos\u00e9 Luis Espert analizaron en di\u00e1logo con PERFIL los distintos errores del Gobierno y su impacto electoral. Leer m\u00e1s<\/p>\n","protected":false},"author":0,"featured_media":0,"comment_status":"","ping_status":"","sticky":false,"template":"","format":"standard","meta":{"footnotes":""},"categories":[1],"tags":[],"class_list":["post-162","post","type-post","status-publish","format-standard","hentry","category-sin-categoria"],"_links":{"self":[{"href":"http:\/\/fmdelpueblo.ar\/index.php?rest_route=\/wp\/v2\/posts\/162","targetHints":{"allow":["GET"]}}],"collection":[{"href":"http:\/\/fmdelpueblo.ar\/index.php?rest_route=\/wp\/v2\/posts"}],"about":[{"href":"http:\/\/fmdelpueblo.ar\/index.php?rest_route=\/wp\/v2\/types\/post"}],"replies":[{"embeddable":true,"href":"http:\/\/fmdelpueblo.ar\/index.php?rest_route=%2Fwp%2Fv2%2Fcomments&post=162"}],"version-history":[{"count":0,"href":"http:\/\/fmdelpueblo.ar\/index.php?rest_route=\/wp\/v2\/posts\/162\/revisions"}],"wp:attachment":[{"href":"http:\/\/fmdelpueblo.ar\/index.php?rest_route=%2Fwp%2Fv2%2Fmedia&parent=162"}],"wp:term":[{"taxonomy":"category","embeddable":true,"href":"http:\/\/fmdelpueblo.ar\/index.php?rest_route=%2Fwp%2Fv2%2Fcategories&post=162"},{"taxonomy":"post_tag","embeddable":true,"href":"http:\/\/fmdelpueblo.ar\/index.php?rest_route=%2Fwp%2Fv2%2Ftags&post=162"}],"curies":[{"name":"wp","href":"https:\/\/api.w.org\/{rel}","templated":true}]}}