{"id":161,"date":"2021-10-26T16:18:41","date_gmt":"2021-10-26T16:18:41","guid":{"rendered":"https:\/\/fmdelpueblo.ar\/?p=161"},"modified":"2021-10-26T16:18:41","modified_gmt":"2021-10-26T16:18:41","slug":"el-gobierno-anuncio-que-los-turistas-extranjeros-podran-vacunarse-en-el-pais","status":"publish","type":"post","link":"http:\/\/fmdelpueblo.ar\/?p=161","title":{"rendered":"El Gobierno anunci\u00f3 que los turistas extranjeros podr\u00e1n vacunarse en el pa\u00eds"},"content":{"rendered":"<\/p>\n<p>As\u00ed lo detallaron Carla Vizzotti y Mat\u00edas Lammens esta ma\u00f1ana. \u00abLas provincias van a ofrecer la vacunaci\u00f3n en puntos de frontera y a turistas que vengan a la Argentina, especialmente menores de 18 a\u00f1os\u00bb, dijo la ministra. <a href=\"https:\/\/www.perfil.com\/noticias\/salud\/el-gobierno-anuncio-que-los-turistas-extranjeros-podran-vacunarse-en-el-pais.phtml\">Leer m\u00e1s<\/a><\/p>\n","protected":false},"excerpt":{"rendered":"<p>As\u00ed lo detallaron Carla Vizzotti y Mat\u00edas Lammens esta ma\u00f1ana. \u00abLas provincias van a ofrecer la vacunaci\u00f3n en puntos de frontera y a turistas que vengan a la Argentina, especialmente menores de 18 a\u00f1os\u00bb, dijo la ministra. Leer m\u00e1s<\/p>\n","protected":false},"author":0,"featured_media":0,"comment_status":"","ping_status":"","sticky":false,"template":"","format":"standard","meta":{"footnotes":""},"categories":[1],"tags":[],"class_list":["post-161","post","type-post","status-publish","format-standard","hentry","category-sin-categoria"],"_links":{"self":[{"href":"http:\/\/fmdelpueblo.ar\/index.php?rest_route=\/wp\/v2\/posts\/161","targetHints":{"allow":["GET"]}}],"collection":[{"href":"http:\/\/fmdelpueblo.ar\/index.php?rest_route=\/wp\/v2\/posts"}],"about":[{"href":"http:\/\/fmdelpueblo.ar\/index.php?rest_route=\/wp\/v2\/types\/post"}],"replies":[{"embeddable":true,"href":"http:\/\/fmdelpueblo.ar\/index.php?rest_route=%2Fwp%2Fv2%2Fcomments&post=161"}],"version-history":[{"count":0,"href":"http:\/\/fmdelpueblo.ar\/index.php?rest_route=\/wp\/v2\/posts\/161\/revisions"}],"wp:attachment":[{"href":"http:\/\/fmdelpueblo.ar\/index.php?rest_route=%2Fwp%2Fv2%2Fmedia&parent=161"}],"wp:term":[{"taxonomy":"category","embeddable":true,"href":"http:\/\/fmdelpueblo.ar\/index.php?rest_route=%2Fwp%2Fv2%2Fcategories&post=161"},{"taxonomy":"post_tag","embeddable":true,"href":"http:\/\/fmdelpueblo.ar\/index.php?rest_route=%2Fwp%2Fv2%2Ftags&post=161"}],"curies":[{"name":"wp","href":"https:\/\/api.w.org\/{rel}","templated":true}]}}