{"id":160,"date":"2021-10-26T16:18:41","date_gmt":"2021-10-26T16:18:41","guid":{"rendered":"https:\/\/fmdelpueblo.ar\/?p=160"},"modified":"2021-10-26T16:18:41","modified_gmt":"2021-10-26T16:18:41","slug":"los-supermercados-chinos-estan-asustados-con-el-control-de-los-militantes","status":"publish","type":"post","link":"http:\/\/fmdelpueblo.ar\/?p=160","title":{"rendered":"Los supermercados chinos est\u00e1n \u00abasustados con el control de los militantes\u00bb"},"content":{"rendered":"<\/p>\n<p>Yolanda Dur\u00e1n, presidenta de la C\u00e1mara de supermercados chinos, denunci\u00f3 que el fin de semana fueron amedrentados por los inspectores. <a href=\"https:\/\/www.perfil.com\/noticias\/economia\/los-supermercados-chinos-estan-asustados-con-el-control-de-los-militantes.phtml\">Leer m\u00e1s<\/a><\/p>\n","protected":false},"excerpt":{"rendered":"<p>Yolanda Dur\u00e1n, presidenta de la C\u00e1mara de supermercados chinos, denunci\u00f3 que el fin de semana fueron amedrentados por los inspectores. Leer m\u00e1s<\/p>\n","protected":false},"author":0,"featured_media":0,"comment_status":"","ping_status":"","sticky":false,"template":"","format":"standard","meta":{"footnotes":""},"categories":[1],"tags":[],"class_list":["post-160","post","type-post","status-publish","format-standard","hentry","category-sin-categoria"],"_links":{"self":[{"href":"http:\/\/fmdelpueblo.ar\/index.php?rest_route=\/wp\/v2\/posts\/160","targetHints":{"allow":["GET"]}}],"collection":[{"href":"http:\/\/fmdelpueblo.ar\/index.php?rest_route=\/wp\/v2\/posts"}],"about":[{"href":"http:\/\/fmdelpueblo.ar\/index.php?rest_route=\/wp\/v2\/types\/post"}],"replies":[{"embeddable":true,"href":"http:\/\/fmdelpueblo.ar\/index.php?rest_route=%2Fwp%2Fv2%2Fcomments&post=160"}],"version-history":[{"count":0,"href":"http:\/\/fmdelpueblo.ar\/index.php?rest_route=\/wp\/v2\/posts\/160\/revisions"}],"wp:attachment":[{"href":"http:\/\/fmdelpueblo.ar\/index.php?rest_route=%2Fwp%2Fv2%2Fmedia&parent=160"}],"wp:term":[{"taxonomy":"category","embeddable":true,"href":"http:\/\/fmdelpueblo.ar\/index.php?rest_route=%2Fwp%2Fv2%2Fcategories&post=160"},{"taxonomy":"post_tag","embeddable":true,"href":"http:\/\/fmdelpueblo.ar\/index.php?rest_route=%2Fwp%2Fv2%2Ftags&post=160"}],"curies":[{"name":"wp","href":"https:\/\/api.w.org\/{rel}","templated":true}]}}